
{"id":96663,"date":"2021-08-29T23:14:11","date_gmt":"2021-08-30T02:14:11","guid":{"rendered":"https:\/\/www.sudoestehoje.com.br\/novoportal\/?p=96663"},"modified":"2021-08-29T23:14:11","modified_gmt":"2021-08-30T02:14:11","slug":"jacobina-prefeito-do-pcdob-veste-fantasia-do-capeta-para-inaugurar-posto-de-saude","status":"publish","type":"post","link":"https:\/\/www.sudoestehoje.com.br\/novoportal\/2021\/08\/29\/jacobina-prefeito-do-pcdob-veste-fantasia-do-capeta-para-inaugurar-posto-de-saude\/","title":{"rendered":"JACOBINA: PREFEITO DO PCdoB VESTE FANTASIA DO &#8216;CAPETA&#8217; PARA INAUGURAR POSTO DE SA\u00daDE"},"content":{"rendered":"<p><a href=\"https:\/\/www.sudoestehoje.com.br\/novoportal\/wp-content\/uploads\/2021\/08\/CAPETA-JACOBINA.jpg\"><img loading=\"lazy\" decoding=\"async\" class=\"aligncenter size-medium wp-image-96664\" src=\"https:\/\/www.sudoestehoje.com.br\/novoportal\/wp-content\/uploads\/2021\/08\/CAPETA-JACOBINA-500x265.jpg\" alt=\"\" width=\"500\" height=\"265\" srcset=\"https:\/\/www.sudoestehoje.com.br\/novoportal\/wp-content\/uploads\/2021\/08\/CAPETA-JACOBINA-500x265.jpg 500w, https:\/\/www.sudoestehoje.com.br\/novoportal\/wp-content\/uploads\/2021\/08\/CAPETA-JACOBINA-700x371.jpg 700w, https:\/\/www.sudoestehoje.com.br\/novoportal\/wp-content\/uploads\/2021\/08\/CAPETA-JACOBINA-768x407.jpg 768w, https:\/\/www.sudoestehoje.com.br\/novoportal\/wp-content\/uploads\/2021\/08\/CAPETA-JACOBINA.jpg 1000w\" sizes=\"auto, (max-width: 500px) 100vw, 500px\" \/><\/a><\/p>\n<p>O prefeito de Jacobina, Tiago Dias (PCdoB), viralizou nas redes sociais ao utilizar um traje inusitado para inaugurar um posto de sa\u00fade no distrito de Caatinga do Moura, na \u00faltima sexta-feira (27). Ele comandou a solenidade vestido com o rosto pintado de vermelho e utilizando chifres de diabo.<\/p>\n<p>Segundo o prefeito, foi uma homenagem a um tradicional grupo popular que participa da micareta de Jacobina desde 1940, chamado de \u201cC\u00e3os\u201d.<\/p>\n<p>As caracteriza\u00e7\u00f5es do prefeito j\u00e1 s\u00e3o conhecidas. Em outra inaugura\u00e7\u00e3o semelhante, o gestor optou por uma traje de m\u00e9dico. J\u00e1 na solenidade de posse, em janeiro deste 2021, ele apareceu montado em um boi e vestido com gib\u00e3o de couro.<\/p>\n","protected":false},"excerpt":{"rendered":"<p>O prefeito de Jacobina, Tiago Dias (PCdoB), viralizou nas redes sociais ao utilizar um traje inusitado para inaugurar um posto de sa\u00fade no distrito de Caatinga do Moura, na \u00faltima sexta-feira (27). Ele comandou a solenidade vestido com o rosto pintado de vermelho e utilizando chifres de diabo. Segundo o prefeito, foi uma homenagem a [&hellip;]<\/p>\n","protected":false},"author":2,"featured_media":96664,"comment_status":"open","ping_status":"open","sticky":false,"template":"","format":"standard","meta":{"footnotes":"","_links_to":"","_links_to_target":""},"categories":[1],"tags":[],"class_list":["post-96663","post","type-post","status-publish","format-standard","has-post-thumbnail","hentry","category-geral"],"views":1051,"_links":{"self":[{"href":"https:\/\/www.sudoestehoje.com.br\/novoportal\/wp-json\/wp\/v2\/posts\/96663","targetHints":{"allow":["GET"]}}],"collection":[{"href":"https:\/\/www.sudoestehoje.com.br\/novoportal\/wp-json\/wp\/v2\/posts"}],"about":[{"href":"https:\/\/www.sudoestehoje.com.br\/novoportal\/wp-json\/wp\/v2\/types\/post"}],"author":[{"embeddable":true,"href":"https:\/\/www.sudoestehoje.com.br\/novoportal\/wp-json\/wp\/v2\/users\/2"}],"replies":[{"embeddable":true,"href":"https:\/\/www.sudoestehoje.com.br\/novoportal\/wp-json\/wp\/v2\/comments?post=96663"}],"version-history":[{"count":1,"href":"https:\/\/www.sudoestehoje.com.br\/novoportal\/wp-json\/wp\/v2\/posts\/96663\/revisions"}],"predecessor-version":[{"id":96665,"href":"https:\/\/www.sudoestehoje.com.br\/novoportal\/wp-json\/wp\/v2\/posts\/96663\/revisions\/96665"}],"wp:featuredmedia":[{"embeddable":true,"href":"https:\/\/www.sudoestehoje.com.br\/novoportal\/wp-json\/wp\/v2\/media\/96664"}],"wp:attachment":[{"href":"https:\/\/www.sudoestehoje.com.br\/novoportal\/wp-json\/wp\/v2\/media?parent=96663"}],"wp:term":[{"taxonomy":"category","embeddable":true,"href":"https:\/\/www.sudoestehoje.com.br\/novoportal\/wp-json\/wp\/v2\/categories?post=96663"},{"taxonomy":"post_tag","embeddable":true,"href":"https:\/\/www.sudoestehoje.com.br\/novoportal\/wp-json\/wp\/v2\/tags?post=96663"}],"curies":[{"name":"wp","href":"https:\/\/api.w.org\/{rel}","templated":true}]}}