
{"id":96656,"date":"2021-08-29T23:04:11","date_gmt":"2021-08-30T02:04:11","guid":{"rendered":"https:\/\/www.sudoestehoje.com.br\/novoportal\/?p=96656"},"modified":"2021-08-29T23:04:11","modified_gmt":"2021-08-30T02:04:11","slug":"brasil-ja-vacinou-80-da-populacao-acima-de-18-anos-com-a-1a-dose-contra-covid-19","status":"publish","type":"post","link":"https:\/\/www.sudoestehoje.com.br\/novoportal\/2021\/08\/29\/brasil-ja-vacinou-80-da-populacao-acima-de-18-anos-com-a-1a-dose-contra-covid-19\/","title":{"rendered":"BRASIL J\u00c1 VACINOU 80% DA POPULA\u00c7\u00c3O ACIMA DE 18 ANOS COM A 1\u00aa DOSE CONTRA COVID-19"},"content":{"rendered":"<p><a href=\"https:\/\/www.sudoestehoje.com.br\/novoportal\/wp-content\/uploads\/2021\/08\/Prefeitura-inicia-aplica\u00e7\u00e3o-da-segunda-dose-da-vacina-contra-Covid-19.jpg\"><img loading=\"lazy\" decoding=\"async\" class=\"aligncenter size-medium wp-image-96660\" src=\"https:\/\/www.sudoestehoje.com.br\/novoportal\/wp-content\/uploads\/2021\/08\/Prefeitura-inicia-aplica\u00e7\u00e3o-da-segunda-dose-da-vacina-contra-Covid-19-500x333.jpg\" alt=\"\" width=\"500\" height=\"333\" srcset=\"https:\/\/www.sudoestehoje.com.br\/novoportal\/wp-content\/uploads\/2021\/08\/Prefeitura-inicia-aplica\u00e7\u00e3o-da-segunda-dose-da-vacina-contra-Covid-19-500x333.jpg 500w, https:\/\/www.sudoestehoje.com.br\/novoportal\/wp-content\/uploads\/2021\/08\/Prefeitura-inicia-aplica\u00e7\u00e3o-da-segunda-dose-da-vacina-contra-Covid-19-700x466.jpg 700w, https:\/\/www.sudoestehoje.com.br\/novoportal\/wp-content\/uploads\/2021\/08\/Prefeitura-inicia-aplica\u00e7\u00e3o-da-segunda-dose-da-vacina-contra-Covid-19-768x511.jpg 768w, https:\/\/www.sudoestehoje.com.br\/novoportal\/wp-content\/uploads\/2021\/08\/Prefeitura-inicia-aplica\u00e7\u00e3o-da-segunda-dose-da-vacina-contra-Covid-19.jpg 1280w\" sizes=\"auto, (max-width: 500px) 100vw, 500px\" \/><\/a><\/p>\n<p>O Brasil atingiu, neste domingo (29), a importante marca de 80% da popula\u00e7\u00e3o acima de 18 anos vacinada com a primeira dose das vacinas contra a Covid-19. Ao todo, mais de 128 milh\u00f5es de brasileiros j\u00e1 come\u00e7aram o esquema vacinal e quase 60 milh\u00f5es j\u00e1 completaram a imuniza\u00e7\u00e3o.<\/p>\n<p>De acordo com informa\u00e7\u00f5es divulgadas pelo Minist\u00e9rio da Sa\u00fade, as entregas de vacinas previstas at\u00e9 o dia 15 de setembro ser\u00e3o suficientes para aplicar a primeira dose em toda a popula\u00e7\u00e3o brasileira acima de 18 anos, estimada em 160 milh\u00f5es de pessoas.<\/p>\n<p><strong>Vacina\u00e7\u00e3o na Bahia<\/strong><\/p>\n<p>De acordo com informa\u00e7\u00f5es divulgadas pela Secretaria de Sa\u00fade do estado da Bahia (Sesab), at\u00e9 o s\u00e1bado (28), o estado vacinou 8.704.562 pessoas contra a Covid-19 com a primeira dose ou dose \u00fanica. J\u00e1 s\u00e3o 78,5% da popula\u00e7\u00e3o adulta (18 anos ou mais) estimada em 11.087.169 vacinada com a primeira parcela dos imunizantes.<\/p>\n","protected":false},"excerpt":{"rendered":"<p>O Brasil atingiu, neste domingo (29), a importante marca de 80% da popula\u00e7\u00e3o acima de 18 anos vacinada com a primeira dose das vacinas contra a Covid-19. Ao todo, mais de 128 milh\u00f5es de brasileiros j\u00e1 come\u00e7aram o esquema vacinal e quase 60 milh\u00f5es j\u00e1 completaram a imuniza\u00e7\u00e3o. De acordo com informa\u00e7\u00f5es divulgadas pelo Minist\u00e9rio [&hellip;]<\/p>\n","protected":false},"author":2,"featured_media":96660,"comment_status":"open","ping_status":"open","sticky":false,"template":"","format":"standard","meta":{"footnotes":"","_links_to":"","_links_to_target":""},"categories":[1],"tags":[],"class_list":["post-96656","post","type-post","status-publish","format-standard","has-post-thumbnail","hentry","category-geral"],"views":794,"_links":{"self":[{"href":"https:\/\/www.sudoestehoje.com.br\/novoportal\/wp-json\/wp\/v2\/posts\/96656","targetHints":{"allow":["GET"]}}],"collection":[{"href":"https:\/\/www.sudoestehoje.com.br\/novoportal\/wp-json\/wp\/v2\/posts"}],"about":[{"href":"https:\/\/www.sudoestehoje.com.br\/novoportal\/wp-json\/wp\/v2\/types\/post"}],"author":[{"embeddable":true,"href":"https:\/\/www.sudoestehoje.com.br\/novoportal\/wp-json\/wp\/v2\/users\/2"}],"replies":[{"embeddable":true,"href":"https:\/\/www.sudoestehoje.com.br\/novoportal\/wp-json\/wp\/v2\/comments?post=96656"}],"version-history":[{"count":5,"href":"https:\/\/www.sudoestehoje.com.br\/novoportal\/wp-json\/wp\/v2\/posts\/96656\/revisions"}],"predecessor-version":[{"id":96662,"href":"https:\/\/www.sudoestehoje.com.br\/novoportal\/wp-json\/wp\/v2\/posts\/96656\/revisions\/96662"}],"wp:featuredmedia":[{"embeddable":true,"href":"https:\/\/www.sudoestehoje.com.br\/novoportal\/wp-json\/wp\/v2\/media\/96660"}],"wp:attachment":[{"href":"https:\/\/www.sudoestehoje.com.br\/novoportal\/wp-json\/wp\/v2\/media?parent=96656"}],"wp:term":[{"taxonomy":"category","embeddable":true,"href":"https:\/\/www.sudoestehoje.com.br\/novoportal\/wp-json\/wp\/v2\/categories?post=96656"},{"taxonomy":"post_tag","embeddable":true,"href":"https:\/\/www.sudoestehoje.com.br\/novoportal\/wp-json\/wp\/v2\/tags?post=96656"}],"curies":[{"name":"wp","href":"https:\/\/api.w.org\/{rel}","templated":true}]}}