
{"id":96597,"date":"2021-08-26T22:05:39","date_gmt":"2021-08-27T01:05:39","guid":{"rendered":"https:\/\/www.sudoestehoje.com.br\/novoportal\/?p=96597"},"modified":"2021-08-26T23:14:28","modified_gmt":"2021-08-27T02:14:28","slug":"deputado-do-pp-diz-que-rui-costa-sera-tratado-como-leproso-apos-2022","status":"publish","type":"post","link":"https:\/\/www.sudoestehoje.com.br\/novoportal\/2021\/08\/26\/deputado-do-pp-diz-que-rui-costa-sera-tratado-como-leproso-apos-2022\/","title":{"rendered":"DEPUTADO DO PP DIZ QUE RUI COSTA SER\u00c1 TRATADO COMO &#8220;LEPROSO&#8221; AP\u00d3S 2022"},"content":{"rendered":"<p><a href=\"https:\/\/www.sudoestehoje.com.br\/novoportal\/wp-content\/uploads\/2021\/08\/joao-leao-e-robinho.jpg\"><img loading=\"lazy\" decoding=\"async\" class=\"aligncenter size-medium wp-image-96600\" src=\"https:\/\/www.sudoestehoje.com.br\/novoportal\/wp-content\/uploads\/2021\/08\/joao-leao-e-robinho-500x233.jpg\" alt=\"\" width=\"500\" height=\"233\" srcset=\"https:\/\/www.sudoestehoje.com.br\/novoportal\/wp-content\/uploads\/2021\/08\/joao-leao-e-robinho-500x233.jpg 500w, https:\/\/www.sudoestehoje.com.br\/novoportal\/wp-content\/uploads\/2021\/08\/joao-leao-e-robinho-700x327.jpg 700w, https:\/\/www.sudoestehoje.com.br\/novoportal\/wp-content\/uploads\/2021\/08\/joao-leao-e-robinho-768x359.jpg 768w, https:\/\/www.sudoestehoje.com.br\/novoportal\/wp-content\/uploads\/2021\/08\/joao-leao-e-robinho.jpg 934w\" sizes=\"auto, (max-width: 500px) 100vw, 500px\" \/><\/a><\/p>\n<p>Ap\u00f3s romper com o governo, o deputado estadual Robinho (PP) vem batendo forte no governador Rui Costa (PT), apesar do seu partido ainda fazer parte da base do governo.<\/p>\n<p>Em entrevista \u00e0 imprensa, nesta quinta-feira (26) o pepista voltou a mirar o atual governo, o qual chamou de <strong>\u201cfaz de conta\u201d<\/strong>. Segundo ele, ap\u00f3s a elei\u00e7\u00e3o de 2022, Rui ser\u00e1 tratado como um <strong>\u201cleproso\u201d<\/strong>. <em>\u201cS\u00e3o tr\u00eas anos sem pagar emenda. Os pr\u00f3prios deputados do PT n\u00e3o gostam de Rui. Quando ele terminar a elei\u00e7\u00e3o ele vai ser um leproso, trata todo mundo mal\u201d<\/em>, previu.<\/p>\n<p>O PP baiano \u00e9 comandado pelo vice-governador Jo\u00e3o Le\u00e3o, que pleiteia a &#8216;cabe\u00e7a de chapa&#8217; para governo do estado, miss\u00e3o considerada &#8220;imposs\u00edvel&#8221; em todas as avalia\u00e7\u00f5es pol\u00edticos no estado, mas tamb\u00e9m interpretada por alguns como uma manobra para justificar um prov\u00e1vel rompimento com Rui e desaguar na candidatura de ACM Neto (DEM).<\/p>\n<p>Com &#8216;Le\u00e3ozinho&#8217; no comando, nada \u00e9 imposs\u00edvel.<\/p>\n<p><strong><em>Por Davi Ferraz<\/em><\/strong><\/p>\n","protected":false},"excerpt":{"rendered":"<p>Ap\u00f3s romper com o governo, o deputado estadual Robinho (PP) vem batendo forte no governador Rui Costa (PT), apesar do seu partido ainda fazer parte da base do governo. Em entrevista \u00e0 imprensa, nesta quinta-feira (26) o pepista voltou a mirar o atual governo, o qual chamou de \u201cfaz de conta\u201d. Segundo ele, ap\u00f3s a [&hellip;]<\/p>\n","protected":false},"author":2,"featured_media":96600,"comment_status":"open","ping_status":"open","sticky":false,"template":"","format":"standard","meta":{"footnotes":"","_links_to":"","_links_to_target":""},"categories":[1],"tags":[],"class_list":["post-96597","post","type-post","status-publish","format-standard","has-post-thumbnail","hentry","category-geral"],"views":1063,"_links":{"self":[{"href":"https:\/\/www.sudoestehoje.com.br\/novoportal\/wp-json\/wp\/v2\/posts\/96597","targetHints":{"allow":["GET"]}}],"collection":[{"href":"https:\/\/www.sudoestehoje.com.br\/novoportal\/wp-json\/wp\/v2\/posts"}],"about":[{"href":"https:\/\/www.sudoestehoje.com.br\/novoportal\/wp-json\/wp\/v2\/types\/post"}],"author":[{"embeddable":true,"href":"https:\/\/www.sudoestehoje.com.br\/novoportal\/wp-json\/wp\/v2\/users\/2"}],"replies":[{"embeddable":true,"href":"https:\/\/www.sudoestehoje.com.br\/novoportal\/wp-json\/wp\/v2\/comments?post=96597"}],"version-history":[{"count":5,"href":"https:\/\/www.sudoestehoje.com.br\/novoportal\/wp-json\/wp\/v2\/posts\/96597\/revisions"}],"predecessor-version":[{"id":96603,"href":"https:\/\/www.sudoestehoje.com.br\/novoportal\/wp-json\/wp\/v2\/posts\/96597\/revisions\/96603"}],"wp:featuredmedia":[{"embeddable":true,"href":"https:\/\/www.sudoestehoje.com.br\/novoportal\/wp-json\/wp\/v2\/media\/96600"}],"wp:attachment":[{"href":"https:\/\/www.sudoestehoje.com.br\/novoportal\/wp-json\/wp\/v2\/media?parent=96597"}],"wp:term":[{"taxonomy":"category","embeddable":true,"href":"https:\/\/www.sudoestehoje.com.br\/novoportal\/wp-json\/wp\/v2\/categories?post=96597"},{"taxonomy":"post_tag","embeddable":true,"href":"https:\/\/www.sudoestehoje.com.br\/novoportal\/wp-json\/wp\/v2\/tags?post=96597"}],"curies":[{"name":"wp","href":"https:\/\/api.w.org\/{rel}","templated":true}]}}