
{"id":96592,"date":"2021-08-26T19:36:45","date_gmt":"2021-08-26T22:36:45","guid":{"rendered":"https:\/\/www.sudoestehoje.com.br\/novoportal\/?p=96592"},"modified":"2021-08-26T19:46:03","modified_gmt":"2021-08-26T22:46:03","slug":"visita-de-lula-provoca-aglomeracao-no-bairro-do-curuzu-em-salvador","status":"publish","type":"post","link":"https:\/\/www.sudoestehoje.com.br\/novoportal\/2021\/08\/26\/visita-de-lula-provoca-aglomeracao-no-bairro-do-curuzu-em-salvador\/","title":{"rendered":"VISITA DE LULA PROVOCA AGLOMERA\u00c7\u00c3O NO BAIRRO DO CURUZU, EM SALVADOR"},"content":{"rendered":"<p><a href=\"https:\/\/www.sudoestehoje.com.br\/novoportal\/wp-content\/uploads\/2021\/08\/lula-aglomera-no-Curuzu.jpg\"><img loading=\"lazy\" decoding=\"async\" class=\"aligncenter size-medium wp-image-96593\" src=\"https:\/\/www.sudoestehoje.com.br\/novoportal\/wp-content\/uploads\/2021\/08\/lula-aglomera-no-Curuzu-500x333.jpg\" alt=\"\" width=\"500\" height=\"333\" srcset=\"https:\/\/www.sudoestehoje.com.br\/novoportal\/wp-content\/uploads\/2021\/08\/lula-aglomera-no-Curuzu-500x333.jpg 500w, https:\/\/www.sudoestehoje.com.br\/novoportal\/wp-content\/uploads\/2021\/08\/lula-aglomera-no-Curuzu-700x467.jpg 700w, https:\/\/www.sudoestehoje.com.br\/novoportal\/wp-content\/uploads\/2021\/08\/lula-aglomera-no-Curuzu-768x512.jpg 768w, https:\/\/www.sudoestehoje.com.br\/novoportal\/wp-content\/uploads\/2021\/08\/lula-aglomera-no-Curuzu.jpg 1024w\" sizes=\"auto, (max-width: 500px) 100vw, 500px\" \/><\/a><\/p>\n<p>Em visita \u00e0 capital baiana, o ex-presidente Lula foi recebido no bairro do Curuzu por blocos afros e entidades a negras, onde acabou causando tumulto e aglomera\u00e7\u00e3o.<\/p>\n<p>De acordo com a m\u00eddia da capital, moradores se aglomeram no espa\u00e7o entre a cal\u00e7ada e a rua e tamb\u00e9m acompanharam pelas sacadas das constru\u00e7\u00f5es locais. O bairro n\u00e3o via um evento t\u00e3o grande desde o in\u00edcio da pandemia da Covid-19.<\/p>\n<p>O senador Jaques Wagner (PT) tamb\u00e9m esteve presente, assim como vereadores e deputados do partido e de legendas da base aliada.<\/p>\n<p>Com receio da repercuss\u00e3o negativa, Rui Costa preferiu n\u00e3o comparecer, para n\u00e3o dar &#8216;mau exemplo&#8217;.<\/p>\n<p style=\"text-align: left;\"><strong><em>Por Davi Ferraz<\/em><\/strong><\/p>\n","protected":false},"excerpt":{"rendered":"<p>Em visita \u00e0 capital baiana, o ex-presidente Lula foi recebido no bairro do Curuzu por blocos afros e entidades a negras, onde acabou causando tumulto e aglomera\u00e7\u00e3o. De acordo com a m\u00eddia da capital, moradores se aglomeram no espa\u00e7o entre a cal\u00e7ada e a rua e tamb\u00e9m acompanharam pelas sacadas das constru\u00e7\u00f5es locais. O bairro [&hellip;]<\/p>\n","protected":false},"author":2,"featured_media":96593,"comment_status":"open","ping_status":"open","sticky":false,"template":"","format":"standard","meta":{"footnotes":"","_links_to":"","_links_to_target":""},"categories":[1],"tags":[],"class_list":["post-96592","post","type-post","status-publish","format-standard","has-post-thumbnail","hentry","category-geral"],"views":1317,"_links":{"self":[{"href":"https:\/\/www.sudoestehoje.com.br\/novoportal\/wp-json\/wp\/v2\/posts\/96592","targetHints":{"allow":["GET"]}}],"collection":[{"href":"https:\/\/www.sudoestehoje.com.br\/novoportal\/wp-json\/wp\/v2\/posts"}],"about":[{"href":"https:\/\/www.sudoestehoje.com.br\/novoportal\/wp-json\/wp\/v2\/types\/post"}],"author":[{"embeddable":true,"href":"https:\/\/www.sudoestehoje.com.br\/novoportal\/wp-json\/wp\/v2\/users\/2"}],"replies":[{"embeddable":true,"href":"https:\/\/www.sudoestehoje.com.br\/novoportal\/wp-json\/wp\/v2\/comments?post=96592"}],"version-history":[{"count":3,"href":"https:\/\/www.sudoestehoje.com.br\/novoportal\/wp-json\/wp\/v2\/posts\/96592\/revisions"}],"predecessor-version":[{"id":96596,"href":"https:\/\/www.sudoestehoje.com.br\/novoportal\/wp-json\/wp\/v2\/posts\/96592\/revisions\/96596"}],"wp:featuredmedia":[{"embeddable":true,"href":"https:\/\/www.sudoestehoje.com.br\/novoportal\/wp-json\/wp\/v2\/media\/96593"}],"wp:attachment":[{"href":"https:\/\/www.sudoestehoje.com.br\/novoportal\/wp-json\/wp\/v2\/media?parent=96592"}],"wp:term":[{"taxonomy":"category","embeddable":true,"href":"https:\/\/www.sudoestehoje.com.br\/novoportal\/wp-json\/wp\/v2\/categories?post=96592"},{"taxonomy":"post_tag","embeddable":true,"href":"https:\/\/www.sudoestehoje.com.br\/novoportal\/wp-json\/wp\/v2\/tags?post=96592"}],"curies":[{"name":"wp","href":"https:\/\/api.w.org\/{rel}","templated":true}]}}