
{"id":96589,"date":"2021-08-26T10:45:34","date_gmt":"2021-08-26T13:45:34","guid":{"rendered":"https:\/\/www.sudoestehoje.com.br\/novoportal\/?p=96589"},"modified":"2021-08-26T10:45:34","modified_gmt":"2021-08-26T13:45:34","slug":"nota-de-falecimento-maria-jane-santos","status":"publish","type":"post","link":"https:\/\/www.sudoestehoje.com.br\/novoportal\/2021\/08\/26\/nota-de-falecimento-maria-jane-santos\/","title":{"rendered":"NOTA DE FALECIMENTO: MARIA JANE SANTOS"},"content":{"rendered":"<p><a href=\"https:\/\/www.sudoestehoje.com.br\/novoportal\/wp-content\/uploads\/2021\/08\/JANE-DR.SERGIO-crop.jpeg\"><img loading=\"lazy\" decoding=\"async\" class=\"aligncenter  wp-image-96590\" src=\"https:\/\/www.sudoestehoje.com.br\/novoportal\/wp-content\/uploads\/2021\/08\/JANE-DR.SERGIO-crop.jpeg\" alt=\"\" width=\"499\" height=\"474\" \/><\/a><\/p>\n<p>Os filhos Pedro S\u00e9rgio e Juliana, os irm\u00e3os Jo\u00e3o Luiz, Tereza, L\u00facia, Luciano e demais familiares, cumprem o doloroso dever de comunicar o falecimento de <strong>MARIA JANE SANTOS<\/strong>, ocorrido ontem em Salvador, ao tempo em que convidam a todos para o sepultamento hoje, \u00e0s 14h30, no Cemit\u00e9rio Parque da Saudade, no Camac\u00e3.<\/p>\n<p>O corpo est\u00e1 sendo velado no Cerimonial Pax Perfei\u00e7\u00e3o, na Avenida Cinquenten\u00e1rio, em Itapetinga.<\/p>\n<p>O Sudoeste Hoje manifesta as suas condol\u00eancias \u00e0 fam\u00edlia de Jane, pela inestim\u00e1vel perda.<\/p>\n<p><strong><em>Davi Ferraz &#8211; Editor<\/em><\/strong><\/p>\n","protected":false},"excerpt":{"rendered":"<p>Os filhos Pedro S\u00e9rgio e Juliana, os irm\u00e3os Jo\u00e3o Luiz, Tereza, L\u00facia, Luciano e demais familiares, cumprem o doloroso dever de comunicar o falecimento de MARIA JANE SANTOS, ocorrido ontem em Salvador, ao tempo em que convidam a todos para o sepultamento hoje, \u00e0s 14h30, no Cemit\u00e9rio Parque da Saudade, no Camac\u00e3. O corpo est\u00e1 [&hellip;]<\/p>\n","protected":false},"author":2,"featured_media":96590,"comment_status":"open","ping_status":"open","sticky":false,"template":"","format":"standard","meta":{"footnotes":"","_links_to":"","_links_to_target":""},"categories":[1],"tags":[],"class_list":["post-96589","post","type-post","status-publish","format-standard","has-post-thumbnail","hentry","category-geral"],"views":1181,"_links":{"self":[{"href":"https:\/\/www.sudoestehoje.com.br\/novoportal\/wp-json\/wp\/v2\/posts\/96589","targetHints":{"allow":["GET"]}}],"collection":[{"href":"https:\/\/www.sudoestehoje.com.br\/novoportal\/wp-json\/wp\/v2\/posts"}],"about":[{"href":"https:\/\/www.sudoestehoje.com.br\/novoportal\/wp-json\/wp\/v2\/types\/post"}],"author":[{"embeddable":true,"href":"https:\/\/www.sudoestehoje.com.br\/novoportal\/wp-json\/wp\/v2\/users\/2"}],"replies":[{"embeddable":true,"href":"https:\/\/www.sudoestehoje.com.br\/novoportal\/wp-json\/wp\/v2\/comments?post=96589"}],"version-history":[{"count":1,"href":"https:\/\/www.sudoestehoje.com.br\/novoportal\/wp-json\/wp\/v2\/posts\/96589\/revisions"}],"predecessor-version":[{"id":96591,"href":"https:\/\/www.sudoestehoje.com.br\/novoportal\/wp-json\/wp\/v2\/posts\/96589\/revisions\/96591"}],"wp:featuredmedia":[{"embeddable":true,"href":"https:\/\/www.sudoestehoje.com.br\/novoportal\/wp-json\/wp\/v2\/media\/96590"}],"wp:attachment":[{"href":"https:\/\/www.sudoestehoje.com.br\/novoportal\/wp-json\/wp\/v2\/media?parent=96589"}],"wp:term":[{"taxonomy":"category","embeddable":true,"href":"https:\/\/www.sudoestehoje.com.br\/novoportal\/wp-json\/wp\/v2\/categories?post=96589"},{"taxonomy":"post_tag","embeddable":true,"href":"https:\/\/www.sudoestehoje.com.br\/novoportal\/wp-json\/wp\/v2\/tags?post=96589"}],"curies":[{"name":"wp","href":"https:\/\/api.w.org\/{rel}","templated":true}]}}