
{"id":96585,"date":"2021-08-25T19:45:15","date_gmt":"2021-08-25T22:45:15","guid":{"rendered":"https:\/\/www.sudoestehoje.com.br\/novoportal\/?p=96585"},"modified":"2021-08-25T19:45:15","modified_gmt":"2021-08-25T22:45:15","slug":"regiao-municipio-de-caatiba-zera-numero-de-casos-ativos-da-covid-19","status":"publish","type":"post","link":"https:\/\/www.sudoestehoje.com.br\/novoportal\/2021\/08\/25\/regiao-municipio-de-caatiba-zera-numero-de-casos-ativos-da-covid-19\/","title":{"rendered":"REGI\u00c3O: MUNIC\u00cdPIO DE CAATIBA ZERA N\u00daMERO DE CASOS ATIVOS DA COVID-19"},"content":{"rendered":"<p><a href=\"https:\/\/www.sudoestehoje.com.br\/novoportal\/wp-content\/uploads\/2021\/08\/CAATIBA-ZERO.jpg\"><img loading=\"lazy\" decoding=\"async\" class=\"aligncenter size-medium wp-image-96586\" src=\"https:\/\/www.sudoestehoje.com.br\/novoportal\/wp-content\/uploads\/2021\/08\/CAATIBA-ZERO-500x500.jpg\" alt=\"\" width=\"500\" height=\"500\" srcset=\"https:\/\/www.sudoestehoje.com.br\/novoportal\/wp-content\/uploads\/2021\/08\/CAATIBA-ZERO-500x500.jpg 500w, https:\/\/www.sudoestehoje.com.br\/novoportal\/wp-content\/uploads\/2021\/08\/CAATIBA-ZERO-150x150.jpg 150w, https:\/\/www.sudoestehoje.com.br\/novoportal\/wp-content\/uploads\/2021\/08\/CAATIBA-ZERO.jpg 526w\" sizes=\"auto, (max-width: 500px) 100vw, 500px\" \/><\/a><\/p>\n<p>Ap\u00f3s o refor\u00e7o das medidas sanit\u00e1rias e o avan\u00e7o da vacina\u00e7\u00e3o, o munic\u00edpio de Caatiba registra nesta quarta-feira (25), o n\u00famero zerado de casos ativos de Covid-19. O \u00faltimo Boletim Epidemiol\u00f3gico, que ser\u00e1 emitido pela Secretaria Municipal de Sa\u00fade, confirma a inexist\u00eancia de casos ativos e suspeitos da doen\u00e7a.<\/p>\n<p>Hoje tamb\u00e9m \u00e9 oficializado o n\u00famero de 4.288 vacinados no munic\u00edpio com a primeira dose, um total bastante significativo frente a urg\u00eancia de imunizar a popula\u00e7\u00e3o. Caatiba j\u00e1 se destaca em n\u00fameros de vacinados em rela\u00e7\u00e3o a outros munic\u00edpios. A equipe Municipal de Sa\u00fade comemora estes dados important\u00edssimos que trazem mais tranquilidade, como tamb\u00e9m a certeza do trabalho realizado com seriedade e comprometimento com a popula\u00e7\u00e3o Caatibense desde que surgiu a pandemia de COVID-19.<\/p>\n<p>As autoridades de sa\u00fade do munic\u00edpio alertam que mesmo com os n\u00fameros zerados de coronav\u00edrus na cidade, a popula\u00e7\u00e3o n\u00e3o pode relaxar e deve permanecer respeitando os protocolos sanit\u00e1rios. Os dados zerados de casos de Covid-19 se justifica pelos protocolos seguidos e pela vacina\u00e7\u00e3o aplicada. <em>\/\/Caatiba<\/em><\/p>\n","protected":false},"excerpt":{"rendered":"<p>Ap\u00f3s o refor\u00e7o das medidas sanit\u00e1rias e o avan\u00e7o da vacina\u00e7\u00e3o, o munic\u00edpio de Caatiba registra nesta quarta-feira (25), o n\u00famero zerado de casos ativos de Covid-19. O \u00faltimo Boletim Epidemiol\u00f3gico, que ser\u00e1 emitido pela Secretaria Municipal de Sa\u00fade, confirma a inexist\u00eancia de casos ativos e suspeitos da doen\u00e7a. Hoje tamb\u00e9m \u00e9 oficializado o n\u00famero [&hellip;]<\/p>\n","protected":false},"author":2,"featured_media":96586,"comment_status":"open","ping_status":"open","sticky":false,"template":"","format":"standard","meta":{"footnotes":"","_links_to":"","_links_to_target":""},"categories":[1],"tags":[],"class_list":["post-96585","post","type-post","status-publish","format-standard","has-post-thumbnail","hentry","category-geral"],"views":984,"_links":{"self":[{"href":"https:\/\/www.sudoestehoje.com.br\/novoportal\/wp-json\/wp\/v2\/posts\/96585","targetHints":{"allow":["GET"]}}],"collection":[{"href":"https:\/\/www.sudoestehoje.com.br\/novoportal\/wp-json\/wp\/v2\/posts"}],"about":[{"href":"https:\/\/www.sudoestehoje.com.br\/novoportal\/wp-json\/wp\/v2\/types\/post"}],"author":[{"embeddable":true,"href":"https:\/\/www.sudoestehoje.com.br\/novoportal\/wp-json\/wp\/v2\/users\/2"}],"replies":[{"embeddable":true,"href":"https:\/\/www.sudoestehoje.com.br\/novoportal\/wp-json\/wp\/v2\/comments?post=96585"}],"version-history":[{"count":2,"href":"https:\/\/www.sudoestehoje.com.br\/novoportal\/wp-json\/wp\/v2\/posts\/96585\/revisions"}],"predecessor-version":[{"id":96588,"href":"https:\/\/www.sudoestehoje.com.br\/novoportal\/wp-json\/wp\/v2\/posts\/96585\/revisions\/96588"}],"wp:featuredmedia":[{"embeddable":true,"href":"https:\/\/www.sudoestehoje.com.br\/novoportal\/wp-json\/wp\/v2\/media\/96586"}],"wp:attachment":[{"href":"https:\/\/www.sudoestehoje.com.br\/novoportal\/wp-json\/wp\/v2\/media?parent=96585"}],"wp:term":[{"taxonomy":"category","embeddable":true,"href":"https:\/\/www.sudoestehoje.com.br\/novoportal\/wp-json\/wp\/v2\/categories?post=96585"},{"taxonomy":"post_tag","embeddable":true,"href":"https:\/\/www.sudoestehoje.com.br\/novoportal\/wp-json\/wp\/v2\/tags?post=96585"}],"curies":[{"name":"wp","href":"https:\/\/api.w.org\/{rel}","templated":true}]}}