
{"id":96563,"date":"2021-08-24T08:36:18","date_gmt":"2021-08-24T11:36:18","guid":{"rendered":"https:\/\/www.sudoestehoje.com.br\/novoportal\/?p=96563"},"modified":"2021-08-24T21:37:43","modified_gmt":"2021-08-25T00:37:43","slug":"atleta-de-itapetinga-vai-participar-dos-jogos-paraolimpicos-em-toquio-2021","status":"publish","type":"post","link":"https:\/\/www.sudoestehoje.com.br\/novoportal\/2021\/08\/24\/atleta-de-itapetinga-vai-participar-dos-jogos-paraolimpicos-em-toquio-2021\/","title":{"rendered":"ATLETA DE ITAPETINGA VAI PARTICIPAR DOS JOGOS PARAL\u00cdMPICOS EM T\u00d3QUIO 2021"},"content":{"rendered":"<p><a href=\"https:\/\/www.sudoestehoje.com.br\/novoportal\/wp-content\/uploads\/2021\/08\/rene.jpg\"><img loading=\"lazy\" decoding=\"async\" class=\"aligncenter wp-image-96564\" src=\"https:\/\/www.sudoestehoje.com.br\/novoportal\/wp-content\/uploads\/2021\/08\/rene-500x281.jpg\" alt=\"\" width=\"502\" height=\"282\" srcset=\"https:\/\/www.sudoestehoje.com.br\/novoportal\/wp-content\/uploads\/2021\/08\/rene-500x281.jpg 500w, https:\/\/www.sudoestehoje.com.br\/novoportal\/wp-content\/uploads\/2021\/08\/rene-700x394.jpg 700w, https:\/\/www.sudoestehoje.com.br\/novoportal\/wp-content\/uploads\/2021\/08\/rene-768x432.jpg 768w, https:\/\/www.sudoestehoje.com.br\/novoportal\/wp-content\/uploads\/2021\/08\/rene.jpg 900w\" sizes=\"auto, (max-width: 502px) 100vw, 502px\" \/><\/a><\/p>\n<p>O m\u00e9dico e atleta itapetinguense Ren\u00ea Pereira, filho do vice-prefeito Renan Pereira, \u00e9 um dos atletas baianos que ir\u00e3o disputar os Jogos Paral\u00edmpicos em T\u00f3quio, no Jap\u00e3o, que acontecem a partir desta ter\u00e7a-feira (24).<\/p>\n<p>Ren\u00ea foi destaque no Jornal da Manh\u00e3 da Rede Bahia desta ter\u00e7a-feira e na sua entrevista fez refer\u00eancia a Itapetinga, sua terra natal.<\/p>\n<p>Ren\u00ea \u00e9 remador do Clube S\u00e3o Salvador, da Bahia, e disputa eventos pela Sele\u00e7\u00e3o Brasileira de Remo desde 2015. Em 2019, ele conquistou a medalha de prata do Single Skiff Masculino PR1 na 2\u00aa Etapa da Copa do Mundo de Remo, realizada em julho, na Holanda. No Mundial de Remo S\u00eanior 2019, ficou com a quinta posi\u00e7\u00e3o na mesma categoria e garantiu a vaga para o Brasil em T\u00f3quio 2020.<\/p>\n<p>Esta ser\u00e1 as segunda Paraolimp\u00edada do remador baiano, que representou o Brasil na Rio 2016 e ficou com o sexto lugar do Single Skiff PR1.<\/p>\n<p><strong><em>Por Davi Ferraz<\/em><\/strong><\/p>\n","protected":false},"excerpt":{"rendered":"<p>O m\u00e9dico e atleta itapetinguense Ren\u00ea Pereira, filho do vice-prefeito Renan Pereira, \u00e9 um dos atletas baianos que ir\u00e3o disputar os Jogos Paral\u00edmpicos em T\u00f3quio, no Jap\u00e3o, que acontecem a partir desta ter\u00e7a-feira (24). Ren\u00ea foi destaque no Jornal da Manh\u00e3 da Rede Bahia desta ter\u00e7a-feira e na sua entrevista fez refer\u00eancia a Itapetinga, sua [&hellip;]<\/p>\n","protected":false},"author":2,"featured_media":0,"comment_status":"open","ping_status":"open","sticky":false,"template":"","format":"standard","meta":{"footnotes":"","_links_to":"","_links_to_target":""},"categories":[1],"tags":[],"class_list":["post-96563","post","type-post","status-publish","format-standard","hentry","category-geral"],"views":1389,"_links":{"self":[{"href":"https:\/\/www.sudoestehoje.com.br\/novoportal\/wp-json\/wp\/v2\/posts\/96563","targetHints":{"allow":["GET"]}}],"collection":[{"href":"https:\/\/www.sudoestehoje.com.br\/novoportal\/wp-json\/wp\/v2\/posts"}],"about":[{"href":"https:\/\/www.sudoestehoje.com.br\/novoportal\/wp-json\/wp\/v2\/types\/post"}],"author":[{"embeddable":true,"href":"https:\/\/www.sudoestehoje.com.br\/novoportal\/wp-json\/wp\/v2\/users\/2"}],"replies":[{"embeddable":true,"href":"https:\/\/www.sudoestehoje.com.br\/novoportal\/wp-json\/wp\/v2\/comments?post=96563"}],"version-history":[{"count":5,"href":"https:\/\/www.sudoestehoje.com.br\/novoportal\/wp-json\/wp\/v2\/posts\/96563\/revisions"}],"predecessor-version":[{"id":96580,"href":"https:\/\/www.sudoestehoje.com.br\/novoportal\/wp-json\/wp\/v2\/posts\/96563\/revisions\/96580"}],"wp:attachment":[{"href":"https:\/\/www.sudoestehoje.com.br\/novoportal\/wp-json\/wp\/v2\/media?parent=96563"}],"wp:term":[{"taxonomy":"category","embeddable":true,"href":"https:\/\/www.sudoestehoje.com.br\/novoportal\/wp-json\/wp\/v2\/categories?post=96563"},{"taxonomy":"post_tag","embeddable":true,"href":"https:\/\/www.sudoestehoje.com.br\/novoportal\/wp-json\/wp\/v2\/tags?post=96563"}],"curies":[{"name":"wp","href":"https:\/\/api.w.org\/{rel}","templated":true}]}}