
{"id":96560,"date":"2021-08-23T21:37:06","date_gmt":"2021-08-24T00:37:06","guid":{"rendered":"https:\/\/www.sudoestehoje.com.br\/novoportal\/?p=96560"},"modified":"2021-08-23T21:37:06","modified_gmt":"2021-08-24T00:37:06","slug":"itapetinga-prefeitura-leva-acao-social-itinerante-ao-povoado-de-palmares","status":"publish","type":"post","link":"https:\/\/www.sudoestehoje.com.br\/novoportal\/2021\/08\/23\/itapetinga-prefeitura-leva-acao-social-itinerante-ao-povoado-de-palmares\/","title":{"rendered":"ITAPETINGA: PREFEITURA LEVA A\u00c7\u00c3O SOCIAL ITINERANTE AO POVOADO DE PALMARES"},"content":{"rendered":"<p><a href=\"https:\/\/www.sudoestehoje.com.br\/novoportal\/wp-content\/uploads\/2021\/08\/a\u00e7\u00e3o-social-palmares.jpg\"><img loading=\"lazy\" decoding=\"async\" class=\"aligncenter size-medium wp-image-96561\" src=\"https:\/\/www.sudoestehoje.com.br\/novoportal\/wp-content\/uploads\/2021\/08\/a\u00e7\u00e3o-social-palmares-500x500.jpg\" alt=\"\" width=\"500\" height=\"500\" srcset=\"https:\/\/www.sudoestehoje.com.br\/novoportal\/wp-content\/uploads\/2021\/08\/a\u00e7\u00e3o-social-palmares-500x500.jpg 500w, https:\/\/www.sudoestehoje.com.br\/novoportal\/wp-content\/uploads\/2021\/08\/a\u00e7\u00e3o-social-palmares-150x150.jpg 150w, https:\/\/www.sudoestehoje.com.br\/novoportal\/wp-content\/uploads\/2021\/08\/a\u00e7\u00e3o-social-palmares.jpg 526w\" sizes=\"auto, (max-width: 500px) 100vw, 500px\" \/><\/a><\/p>\n<p>Nesta quinta-feira, 26, a prefeitura levar\u00e1 os servi\u00e7os da Secretaria de Desenvolvimento Social ao povoado de Palmares. Na escola Duque de Caxias, haver\u00e1 atendimento do Bolsa Fam\u00edlia, BPC, Passe Livre, Carteira do Idoso, requerimento de segunda via de certid\u00e3o de nascimento e gratuidade de casamento civil, agendamento SAC, atendimento do CRM e Conselho Tutelar, Referenciamento de fam\u00edlias no CRAS e Cart\u00e3o do SUS, al\u00e9m de testes r\u00e1pidos e corte de cabelo masculino. A prefeitura de Itapetinga tem buscado levar servi\u00e7os de qualidade para mais perto da popula\u00e7\u00e3o.<\/p>\n","protected":false},"excerpt":{"rendered":"<p>Nesta quinta-feira, 26, a prefeitura levar\u00e1 os servi\u00e7os da Secretaria de Desenvolvimento Social ao povoado de Palmares. Na escola Duque de Caxias, haver\u00e1 atendimento do Bolsa Fam\u00edlia, BPC, Passe Livre, Carteira do Idoso, requerimento de segunda via de certid\u00e3o de nascimento e gratuidade de casamento civil, agendamento SAC, atendimento do CRM e Conselho Tutelar, Referenciamento [&hellip;]<\/p>\n","protected":false},"author":2,"featured_media":96561,"comment_status":"open","ping_status":"open","sticky":false,"template":"","format":"standard","meta":{"footnotes":"","_links_to":"","_links_to_target":""},"categories":[1],"tags":[],"class_list":["post-96560","post","type-post","status-publish","format-standard","has-post-thumbnail","hentry","category-geral"],"views":812,"_links":{"self":[{"href":"https:\/\/www.sudoestehoje.com.br\/novoportal\/wp-json\/wp\/v2\/posts\/96560","targetHints":{"allow":["GET"]}}],"collection":[{"href":"https:\/\/www.sudoestehoje.com.br\/novoportal\/wp-json\/wp\/v2\/posts"}],"about":[{"href":"https:\/\/www.sudoestehoje.com.br\/novoportal\/wp-json\/wp\/v2\/types\/post"}],"author":[{"embeddable":true,"href":"https:\/\/www.sudoestehoje.com.br\/novoportal\/wp-json\/wp\/v2\/users\/2"}],"replies":[{"embeddable":true,"href":"https:\/\/www.sudoestehoje.com.br\/novoportal\/wp-json\/wp\/v2\/comments?post=96560"}],"version-history":[{"count":1,"href":"https:\/\/www.sudoestehoje.com.br\/novoportal\/wp-json\/wp\/v2\/posts\/96560\/revisions"}],"predecessor-version":[{"id":96562,"href":"https:\/\/www.sudoestehoje.com.br\/novoportal\/wp-json\/wp\/v2\/posts\/96560\/revisions\/96562"}],"wp:featuredmedia":[{"embeddable":true,"href":"https:\/\/www.sudoestehoje.com.br\/novoportal\/wp-json\/wp\/v2\/media\/96561"}],"wp:attachment":[{"href":"https:\/\/www.sudoestehoje.com.br\/novoportal\/wp-json\/wp\/v2\/media?parent=96560"}],"wp:term":[{"taxonomy":"category","embeddable":true,"href":"https:\/\/www.sudoestehoje.com.br\/novoportal\/wp-json\/wp\/v2\/categories?post=96560"},{"taxonomy":"post_tag","embeddable":true,"href":"https:\/\/www.sudoestehoje.com.br\/novoportal\/wp-json\/wp\/v2\/tags?post=96560"}],"curies":[{"name":"wp","href":"https:\/\/api.w.org\/{rel}","templated":true}]}}