
{"id":96555,"date":"2021-08-23T21:15:01","date_gmt":"2021-08-24T00:15:01","guid":{"rendered":"https:\/\/www.sudoestehoje.com.br\/novoportal\/?p=96555"},"modified":"2021-08-23T21:15:01","modified_gmt":"2021-08-24T00:15:01","slug":"stf-derruba-condenacao-de-geddel-e-lucio-por-associacao-criminosa","status":"publish","type":"post","link":"https:\/\/www.sudoestehoje.com.br\/novoportal\/2021\/08\/23\/stf-derruba-condenacao-de-geddel-e-lucio-por-associacao-criminosa\/","title":{"rendered":"STF DERRUBA CONDENA\u00c7\u00c3O DE GEDDEL E L\u00daCIO POR ASSOCIA\u00c7\u00c3O CRIMINOSA"},"content":{"rendered":"<p><a href=\"https:\/\/www.sudoestehoje.com.br\/novoportal\/wp-content\/uploads\/2021\/08\/L\u00facio-e-Geddel.jpg\"><img loading=\"lazy\" decoding=\"async\" class=\"aligncenter size-medium wp-image-96557\" src=\"https:\/\/www.sudoestehoje.com.br\/novoportal\/wp-content\/uploads\/2021\/08\/L\u00facio-e-Geddel-500x350.jpg\" alt=\"\" width=\"500\" height=\"350\" srcset=\"https:\/\/www.sudoestehoje.com.br\/novoportal\/wp-content\/uploads\/2021\/08\/L\u00facio-e-Geddel-500x350.jpg 500w, https:\/\/www.sudoestehoje.com.br\/novoportal\/wp-content\/uploads\/2021\/08\/L\u00facio-e-Geddel.jpg 600w\" sizes=\"auto, (max-width: 500px) 100vw, 500px\" \/><\/a><\/p>\n<p>A Segunda Turma do Supremo Tribunal Federal (STF) derrubou a condena\u00e7\u00e3o por associa\u00e7\u00e3o criminosa contra os irm\u00e3os Geddel Vieira Lima e L\u00facio Vieira Lima. Por\u00e9m, a Corte manteve a condena\u00e7\u00e3o do ex-ministro e do ex-deputado federal\u00a0por lavagem de dinheiro.<\/p>\n<p>Com a decis\u00e3o, a pena deles foi reduzida em um ano e meio. A de Geddel caiu de 14 anos e dez meses para 13 anos e quatro meses, e de L\u00facio de 10 anos e meio para nove anos.<\/p>\n<p>A a\u00e7\u00e3o que levou \u00e0 condena\u00e7\u00e3o dos irm\u00e3os diz respeito ao caso do \u201cbunker\u201d, onde foram achados R$ 51 milh\u00f5es em um apartamento na Gra\u00e7a, em Salvador, em 2017.<\/p>\n<p>O relator, ministro Edson Fachin, foi contra os pedidos da defesa, mas prevaleceu o voto do ministro Gilmar Mendes, que foi seguido por Ricardo Lewandowski e Nunes Marques, sacramentando o placa em tr\u00eas a um.<\/p>\n","protected":false},"excerpt":{"rendered":"<p>A Segunda Turma do Supremo Tribunal Federal (STF) derrubou a condena\u00e7\u00e3o por associa\u00e7\u00e3o criminosa contra os irm\u00e3os Geddel Vieira Lima e L\u00facio Vieira Lima. Por\u00e9m, a Corte manteve a condena\u00e7\u00e3o do ex-ministro e do ex-deputado federal\u00a0por lavagem de dinheiro. Com a decis\u00e3o, a pena deles foi reduzida em um ano e meio. A de Geddel [&hellip;]<\/p>\n","protected":false},"author":2,"featured_media":96557,"comment_status":"open","ping_status":"open","sticky":false,"template":"","format":"standard","meta":{"footnotes":"","_links_to":"","_links_to_target":""},"categories":[1],"tags":[],"class_list":["post-96555","post","type-post","status-publish","format-standard","has-post-thumbnail","hentry","category-geral"],"views":936,"_links":{"self":[{"href":"https:\/\/www.sudoestehoje.com.br\/novoportal\/wp-json\/wp\/v2\/posts\/96555","targetHints":{"allow":["GET"]}}],"collection":[{"href":"https:\/\/www.sudoestehoje.com.br\/novoportal\/wp-json\/wp\/v2\/posts"}],"about":[{"href":"https:\/\/www.sudoestehoje.com.br\/novoportal\/wp-json\/wp\/v2\/types\/post"}],"author":[{"embeddable":true,"href":"https:\/\/www.sudoestehoje.com.br\/novoportal\/wp-json\/wp\/v2\/users\/2"}],"replies":[{"embeddable":true,"href":"https:\/\/www.sudoestehoje.com.br\/novoportal\/wp-json\/wp\/v2\/comments?post=96555"}],"version-history":[{"count":3,"href":"https:\/\/www.sudoestehoje.com.br\/novoportal\/wp-json\/wp\/v2\/posts\/96555\/revisions"}],"predecessor-version":[{"id":96559,"href":"https:\/\/www.sudoestehoje.com.br\/novoportal\/wp-json\/wp\/v2\/posts\/96555\/revisions\/96559"}],"wp:featuredmedia":[{"embeddable":true,"href":"https:\/\/www.sudoestehoje.com.br\/novoportal\/wp-json\/wp\/v2\/media\/96557"}],"wp:attachment":[{"href":"https:\/\/www.sudoestehoje.com.br\/novoportal\/wp-json\/wp\/v2\/media?parent=96555"}],"wp:term":[{"taxonomy":"category","embeddable":true,"href":"https:\/\/www.sudoestehoje.com.br\/novoportal\/wp-json\/wp\/v2\/categories?post=96555"},{"taxonomy":"post_tag","embeddable":true,"href":"https:\/\/www.sudoestehoje.com.br\/novoportal\/wp-json\/wp\/v2\/tags?post=96555"}],"curies":[{"name":"wp","href":"https:\/\/api.w.org\/{rel}","templated":true}]}}