
{"id":96549,"date":"2021-08-23T11:42:26","date_gmt":"2021-08-23T14:42:26","guid":{"rendered":"https:\/\/www.sudoestehoje.com.br\/novoportal\/?p=96549"},"modified":"2021-08-23T11:42:26","modified_gmt":"2021-08-23T14:42:26","slug":"itapetinga-projeto-da-zona-azul-volta-a-tramitar-na-camara-de-vereadores","status":"publish","type":"post","link":"https:\/\/www.sudoestehoje.com.br\/novoportal\/2021\/08\/23\/itapetinga-projeto-da-zona-azul-volta-a-tramitar-na-camara-de-vereadores\/","title":{"rendered":"ITAPETINGA: PROJETO DA ZONA AZUL VOLTA A TRAMITAR NA C\u00c2MARA DE VEREADORES"},"content":{"rendered":"<p><a href=\"https:\/\/www.sudoestehoje.com.br\/novoportal\/wp-content\/uploads\/2021\/08\/zona-azul.jpg\"><img loading=\"lazy\" decoding=\"async\" class=\"aligncenter size-medium wp-image-96551\" src=\"https:\/\/www.sudoestehoje.com.br\/novoportal\/wp-content\/uploads\/2021\/08\/zona-azul-500x282.jpg\" alt=\"\" width=\"500\" height=\"282\" srcset=\"https:\/\/www.sudoestehoje.com.br\/novoportal\/wp-content\/uploads\/2021\/08\/zona-azul-500x282.jpg 500w, https:\/\/www.sudoestehoje.com.br\/novoportal\/wp-content\/uploads\/2021\/08\/zona-azul-700x394.jpg 700w, https:\/\/www.sudoestehoje.com.br\/novoportal\/wp-content\/uploads\/2021\/08\/zona-azul-768x432.jpg 768w, https:\/\/www.sudoestehoje.com.br\/novoportal\/wp-content\/uploads\/2021\/08\/zona-azul.jpg 984w\" sizes=\"auto, (max-width: 500px) 100vw, 500px\" \/><\/a><\/p>\n<p>Depois de reformulado por sugest\u00e3o da Mesa Diretora da C\u00e2mara, o projeto de lei que institui a Zona Azul no centro comercial de Itapetinga voltou a tramitar no legislativo municipal.<\/p>\n<p>Atualmente, o projeto est\u00e1 sob an\u00e1lise pelas comiss\u00f5es de Transporte e de Justi\u00e7a e Reda\u00e7\u00e3o, que dever\u00e3o emitir seus pareceres nos pr\u00f3ximos dias.<\/p>\n<p>A previs\u00e3o \u00e9 de que o texto final seja submetido ao plen\u00e1rio da c\u00e2mara nas pr\u00f3ximas sess\u00f5es.<\/p>\n<p><strong><em>Por Davi Ferraz<\/em><\/strong><\/p>\n","protected":false},"excerpt":{"rendered":"<p>Depois de reformulado por sugest\u00e3o da Mesa Diretora da C\u00e2mara, o projeto de lei que institui a Zona Azul no centro comercial de Itapetinga voltou a tramitar no legislativo municipal. Atualmente, o projeto est\u00e1 sob an\u00e1lise pelas comiss\u00f5es de Transporte e de Justi\u00e7a e Reda\u00e7\u00e3o, que dever\u00e3o emitir seus pareceres nos pr\u00f3ximos dias. A previs\u00e3o [&hellip;]<\/p>\n","protected":false},"author":2,"featured_media":96551,"comment_status":"open","ping_status":"open","sticky":false,"template":"","format":"standard","meta":{"footnotes":"","_links_to":"","_links_to_target":""},"categories":[1],"tags":[],"class_list":["post-96549","post","type-post","status-publish","format-standard","has-post-thumbnail","hentry","category-geral"],"views":901,"_links":{"self":[{"href":"https:\/\/www.sudoestehoje.com.br\/novoportal\/wp-json\/wp\/v2\/posts\/96549","targetHints":{"allow":["GET"]}}],"collection":[{"href":"https:\/\/www.sudoestehoje.com.br\/novoportal\/wp-json\/wp\/v2\/posts"}],"about":[{"href":"https:\/\/www.sudoestehoje.com.br\/novoportal\/wp-json\/wp\/v2\/types\/post"}],"author":[{"embeddable":true,"href":"https:\/\/www.sudoestehoje.com.br\/novoportal\/wp-json\/wp\/v2\/users\/2"}],"replies":[{"embeddable":true,"href":"https:\/\/www.sudoestehoje.com.br\/novoportal\/wp-json\/wp\/v2\/comments?post=96549"}],"version-history":[{"count":3,"href":"https:\/\/www.sudoestehoje.com.br\/novoportal\/wp-json\/wp\/v2\/posts\/96549\/revisions"}],"predecessor-version":[{"id":96554,"href":"https:\/\/www.sudoestehoje.com.br\/novoportal\/wp-json\/wp\/v2\/posts\/96549\/revisions\/96554"}],"wp:featuredmedia":[{"embeddable":true,"href":"https:\/\/www.sudoestehoje.com.br\/novoportal\/wp-json\/wp\/v2\/media\/96551"}],"wp:attachment":[{"href":"https:\/\/www.sudoestehoje.com.br\/novoportal\/wp-json\/wp\/v2\/media?parent=96549"}],"wp:term":[{"taxonomy":"category","embeddable":true,"href":"https:\/\/www.sudoestehoje.com.br\/novoportal\/wp-json\/wp\/v2\/categories?post=96549"},{"taxonomy":"post_tag","embeddable":true,"href":"https:\/\/www.sudoestehoje.com.br\/novoportal\/wp-json\/wp\/v2\/tags?post=96549"}],"curies":[{"name":"wp","href":"https:\/\/api.w.org\/{rel}","templated":true}]}}