
{"id":96545,"date":"2021-08-23T11:30:22","date_gmt":"2021-08-23T14:30:22","guid":{"rendered":"https:\/\/www.sudoestehoje.com.br\/novoportal\/?p=96545"},"modified":"2021-08-23T11:30:22","modified_gmt":"2021-08-23T14:30:22","slug":"nome-do-deputado-felix-junior-e-indicado-pelo-pdt-para-compor-chapa-com-acm-neto","status":"publish","type":"post","link":"https:\/\/www.sudoestehoje.com.br\/novoportal\/2021\/08\/23\/nome-do-deputado-felix-junior-e-indicado-pelo-pdt-para-compor-chapa-com-acm-neto\/","title":{"rendered":"NOME DO DEPUTADO FELIX JUNIOR \u00c9 INDICADO PELO PDT PARA COMPOR CHAPA COM ACM NETO"},"content":{"rendered":"<p><a href=\"https:\/\/www.sudoestehoje.com.br\/novoportal\/wp-content\/uploads\/2021\/08\/FELIX-JUNIOR.jpeg\"><img loading=\"lazy\" decoding=\"async\" class=\"aligncenter size-medium wp-image-96547\" src=\"https:\/\/www.sudoestehoje.com.br\/novoportal\/wp-content\/uploads\/2021\/08\/FELIX-JUNIOR-500x265.jpeg\" alt=\"\" width=\"500\" height=\"265\" srcset=\"https:\/\/www.sudoestehoje.com.br\/novoportal\/wp-content\/uploads\/2021\/08\/FELIX-JUNIOR-500x265.jpeg 500w, https:\/\/www.sudoestehoje.com.br\/novoportal\/wp-content\/uploads\/2021\/08\/FELIX-JUNIOR-700x371.jpeg 700w, https:\/\/www.sudoestehoje.com.br\/novoportal\/wp-content\/uploads\/2021\/08\/FELIX-JUNIOR-768x407.jpeg 768w, https:\/\/www.sudoestehoje.com.br\/novoportal\/wp-content\/uploads\/2021\/08\/FELIX-JUNIOR.jpeg 1000w\" sizes=\"auto, (max-width: 500px) 100vw, 500px\" \/><\/a><\/p>\n<p>O presidente nacional do PDT, Carlos Lupi, afirmou que as negocia\u00e7\u00f5es para apoiar a candidatura ao governo da Bahia do ex-prefeito de Salvador ACM Neto (DEM) depende s\u00f3 de decidir se o partido ficar\u00e1 com a vaga de vice-governador ou se indicar\u00e1 o senador na chapa.<\/p>\n<p>Segundo o colunista Guilherme Amado, do site\u00a0<em>Metropoles<\/em>, Lupi afirmou que o favorito para ocupar a vice ou a vaga de senador \u00e9 o deputado federal F\u00e9lix Mendon\u00e7a Junior, que preside o PDT da Bahia. \u201cA negocia\u00e7\u00e3o est\u00e1 bem avan\u00e7ada. N\u00e3o posso dizer que est\u00e1 selada porque voc\u00ea sabe como \u00e9 a pol\u00edtica\u2026\u201d, disse Lupi.<\/p>\n<p>O presidente nacional do PDT disse que as conversas caminham para que o presidenci\u00e1vel pedetista Ciro Gomes declare apoio a ACM Neto na Bahia, enquanto o presidente do DEM declararia voto no pedetista na disputa pela Presid\u00eancia. \u201cMas ainda n\u00e3o est\u00e1 fechado\u201d, ressaltou Lupi.<\/p>\n<p>O DEM tem, no entanto, dois nomes cotados como poss\u00edveis candidatos \u00e0 presid\u00eancia, o que pode atrapalhar os planos de Lupi: o ex-ministro da Sa\u00fade Luiz Henrique Mandetta e o presidente do Senado Federal, Rodrigo Pacheco (MG).<\/p>\n","protected":false},"excerpt":{"rendered":"<p>O presidente nacional do PDT, Carlos Lupi, afirmou que as negocia\u00e7\u00f5es para apoiar a candidatura ao governo da Bahia do ex-prefeito de Salvador ACM Neto (DEM) depende s\u00f3 de decidir se o partido ficar\u00e1 com a vaga de vice-governador ou se indicar\u00e1 o senador na chapa. Segundo o colunista Guilherme Amado, do site\u00a0Metropoles, Lupi afirmou [&hellip;]<\/p>\n","protected":false},"author":2,"featured_media":96547,"comment_status":"open","ping_status":"open","sticky":false,"template":"","format":"standard","meta":{"footnotes":"","_links_to":"","_links_to_target":""},"categories":[1],"tags":[],"class_list":["post-96545","post","type-post","status-publish","format-standard","has-post-thumbnail","hentry","category-geral"],"views":828,"_links":{"self":[{"href":"https:\/\/www.sudoestehoje.com.br\/novoportal\/wp-json\/wp\/v2\/posts\/96545","targetHints":{"allow":["GET"]}}],"collection":[{"href":"https:\/\/www.sudoestehoje.com.br\/novoportal\/wp-json\/wp\/v2\/posts"}],"about":[{"href":"https:\/\/www.sudoestehoje.com.br\/novoportal\/wp-json\/wp\/v2\/types\/post"}],"author":[{"embeddable":true,"href":"https:\/\/www.sudoestehoje.com.br\/novoportal\/wp-json\/wp\/v2\/users\/2"}],"replies":[{"embeddable":true,"href":"https:\/\/www.sudoestehoje.com.br\/novoportal\/wp-json\/wp\/v2\/comments?post=96545"}],"version-history":[{"count":2,"href":"https:\/\/www.sudoestehoje.com.br\/novoportal\/wp-json\/wp\/v2\/posts\/96545\/revisions"}],"predecessor-version":[{"id":96548,"href":"https:\/\/www.sudoestehoje.com.br\/novoportal\/wp-json\/wp\/v2\/posts\/96545\/revisions\/96548"}],"wp:featuredmedia":[{"embeddable":true,"href":"https:\/\/www.sudoestehoje.com.br\/novoportal\/wp-json\/wp\/v2\/media\/96547"}],"wp:attachment":[{"href":"https:\/\/www.sudoestehoje.com.br\/novoportal\/wp-json\/wp\/v2\/media?parent=96545"}],"wp:term":[{"taxonomy":"category","embeddable":true,"href":"https:\/\/www.sudoestehoje.com.br\/novoportal\/wp-json\/wp\/v2\/categories?post=96545"},{"taxonomy":"post_tag","embeddable":true,"href":"https:\/\/www.sudoestehoje.com.br\/novoportal\/wp-json\/wp\/v2\/tags?post=96545"}],"curies":[{"name":"wp","href":"https:\/\/api.w.org\/{rel}","templated":true}]}}