
{"id":96535,"date":"2021-08-22T17:01:44","date_gmt":"2021-08-22T20:01:44","guid":{"rendered":"https:\/\/www.sudoestehoje.com.br\/novoportal\/?p=96535"},"modified":"2021-08-22T17:01:44","modified_gmt":"2021-08-22T20:01:44","slug":"camara-emite-nota-de-pesar-pelo-falecimento-do-pai-do-vereador-tarugao","status":"publish","type":"post","link":"https:\/\/www.sudoestehoje.com.br\/novoportal\/2021\/08\/22\/camara-emite-nota-de-pesar-pelo-falecimento-do-pai-do-vereador-tarugao\/","title":{"rendered":"C\u00c2MARA EMITE NOTA DE PESAR PELO FALECIMENTO DO PAI DO VEREADOR TARUG\u00c3O"},"content":{"rendered":"<p><a href=\"https:\/\/www.sudoestehoje.com.br\/novoportal\/wp-content\/uploads\/2021\/08\/PAI-DE-TARUG\u00c3O-crop.jpg\"><img loading=\"lazy\" decoding=\"async\" class=\"aligncenter  wp-image-96537\" src=\"https:\/\/www.sudoestehoje.com.br\/novoportal\/wp-content\/uploads\/2021\/08\/PAI-DE-TARUG\u00c3O-crop.jpg\" alt=\"\" width=\"501\" height=\"383\" \/><\/a><\/p>\n<p>A C\u00e2mara Municipal de Itapetinga manifesta seu mais profundo pesar pelo falecimento do Senhor Ot\u00e1vio de Castro, pai do vereador Tarug\u00e3o (MDB), ocorrido na madrugada deste domingo (22), na cidade de Carangola em Minas Gerais.<\/p>\n<p>De acordo com informa\u00e7\u00f5es da assessoria do vereador Tarug\u00e3o, o senhor Ot\u00e1vio de Castro foi chefe do antigo Grupo Executivo de Erradica\u00e7\u00e3o da Febre Aftosa da Bahia (Gerfab) em Itapetinga. Ele faleceu aos 86 anos. Faria anivers\u00e1rio no m\u00eas de novembro. Deixa um \u00fanico filho, o vereador Tarug\u00e3o.<\/p>\n<p>Neste momento de dor, o presidente da C\u00e2mara de Vereadores, Valqu\u00edrio Lima (PSD), a Mesa Diretora e demais parlamentares lamentam a grande e irrepar\u00e1vel perda e prestam solidariedade aos familiares e amigos do senhor Ot\u00e1vio de Castro.<\/p>\n","protected":false},"excerpt":{"rendered":"<p>A C\u00e2mara Municipal de Itapetinga manifesta seu mais profundo pesar pelo falecimento do Senhor Ot\u00e1vio de Castro, pai do vereador Tarug\u00e3o (MDB), ocorrido na madrugada deste domingo (22), na cidade de Carangola em Minas Gerais. De acordo com informa\u00e7\u00f5es da assessoria do vereador Tarug\u00e3o, o senhor Ot\u00e1vio de Castro foi chefe do antigo Grupo Executivo [&hellip;]<\/p>\n","protected":false},"author":2,"featured_media":96537,"comment_status":"open","ping_status":"open","sticky":false,"template":"","format":"standard","meta":{"footnotes":"","_links_to":"","_links_to_target":""},"categories":[1],"tags":[],"class_list":["post-96535","post","type-post","status-publish","format-standard","has-post-thumbnail","hentry","category-geral"],"views":1279,"_links":{"self":[{"href":"https:\/\/www.sudoestehoje.com.br\/novoportal\/wp-json\/wp\/v2\/posts\/96535","targetHints":{"allow":["GET"]}}],"collection":[{"href":"https:\/\/www.sudoestehoje.com.br\/novoportal\/wp-json\/wp\/v2\/posts"}],"about":[{"href":"https:\/\/www.sudoestehoje.com.br\/novoportal\/wp-json\/wp\/v2\/types\/post"}],"author":[{"embeddable":true,"href":"https:\/\/www.sudoestehoje.com.br\/novoportal\/wp-json\/wp\/v2\/users\/2"}],"replies":[{"embeddable":true,"href":"https:\/\/www.sudoestehoje.com.br\/novoportal\/wp-json\/wp\/v2\/comments?post=96535"}],"version-history":[{"count":2,"href":"https:\/\/www.sudoestehoje.com.br\/novoportal\/wp-json\/wp\/v2\/posts\/96535\/revisions"}],"predecessor-version":[{"id":96538,"href":"https:\/\/www.sudoestehoje.com.br\/novoportal\/wp-json\/wp\/v2\/posts\/96535\/revisions\/96538"}],"wp:featuredmedia":[{"embeddable":true,"href":"https:\/\/www.sudoestehoje.com.br\/novoportal\/wp-json\/wp\/v2\/media\/96537"}],"wp:attachment":[{"href":"https:\/\/www.sudoestehoje.com.br\/novoportal\/wp-json\/wp\/v2\/media?parent=96535"}],"wp:term":[{"taxonomy":"category","embeddable":true,"href":"https:\/\/www.sudoestehoje.com.br\/novoportal\/wp-json\/wp\/v2\/categories?post=96535"},{"taxonomy":"post_tag","embeddable":true,"href":"https:\/\/www.sudoestehoje.com.br\/novoportal\/wp-json\/wp\/v2\/tags?post=96535"}],"curies":[{"name":"wp","href":"https:\/\/api.w.org\/{rel}","templated":true}]}}