
{"id":96524,"date":"2021-08-21T20:43:33","date_gmt":"2021-08-21T23:43:33","guid":{"rendered":"https:\/\/www.sudoestehoje.com.br\/novoportal\/?p=96524"},"modified":"2021-08-21T20:43:33","modified_gmt":"2021-08-21T23:43:33","slug":"itapetinga-vagas-reservadas-para-idosos-deficientes-e-gestantes-no-assai-nao-sao-respeitadas-por-parte-dos-clientes","status":"publish","type":"post","link":"https:\/\/www.sudoestehoje.com.br\/novoportal\/2021\/08\/21\/itapetinga-vagas-reservadas-para-idosos-deficientes-e-gestantes-no-assai-nao-sao-respeitadas-por-parte-dos-clientes\/","title":{"rendered":"ITAPETINGA: VAGAS RESERVADAS PARA IDOSOS, DEFICIENTES E GESTANTES NO ASSA\u00cd N\u00c3O S\u00c3O RESPEITADAS POR PARTE DOS CLIENTES"},"content":{"rendered":"<p><a href=\"https:\/\/www.sudoestehoje.com.br\/novoportal\/wp-content\/uploads\/2021\/08\/VAGAS-ASSAI-1.jpeg\"><img loading=\"lazy\" decoding=\"async\" class=\"aligncenter size-medium wp-image-96526\" src=\"https:\/\/www.sudoestehoje.com.br\/novoportal\/wp-content\/uploads\/2021\/08\/VAGAS-ASSAI-1-500x375.jpeg\" alt=\"\" width=\"500\" height=\"375\" srcset=\"https:\/\/www.sudoestehoje.com.br\/novoportal\/wp-content\/uploads\/2021\/08\/VAGAS-ASSAI-1-500x375.jpeg 500w, https:\/\/www.sudoestehoje.com.br\/novoportal\/wp-content\/uploads\/2021\/08\/VAGAS-ASSAI-1-700x525.jpeg 700w, https:\/\/www.sudoestehoje.com.br\/novoportal\/wp-content\/uploads\/2021\/08\/VAGAS-ASSAI-1-768x576.jpeg 768w, https:\/\/www.sudoestehoje.com.br\/novoportal\/wp-content\/uploads\/2021\/08\/VAGAS-ASSAI-1-1536x1152.jpeg 1536w, https:\/\/www.sudoestehoje.com.br\/novoportal\/wp-content\/uploads\/2021\/08\/VAGAS-ASSAI-1.jpeg 1600w\" sizes=\"auto, (max-width: 500px) 100vw, 500px\" \/><\/a><\/p>\n<p>As vagas priorit\u00e1rias de estacionamento do Assa\u00ed Atacadista, em Itapetinga, n\u00e3o vem sendo respeitadas por parte dos clientes, apesar de devidamente demarcadas pela empresa, que tamb\u00e9m mant\u00eam vigil\u00e2ncia no local.<\/p>\n<p><a href=\"https:\/\/www.sudoestehoje.com.br\/novoportal\/wp-content\/uploads\/2021\/08\/VAGAS-ASSAI-3.jpeg\"><img loading=\"lazy\" decoding=\"async\" class=\"aligncenter size-medium wp-image-96528\" src=\"https:\/\/www.sudoestehoje.com.br\/novoportal\/wp-content\/uploads\/2021\/08\/VAGAS-ASSAI-3-500x375.jpeg\" alt=\"\" width=\"500\" height=\"375\" srcset=\"https:\/\/www.sudoestehoje.com.br\/novoportal\/wp-content\/uploads\/2021\/08\/VAGAS-ASSAI-3-500x375.jpeg 500w, https:\/\/www.sudoestehoje.com.br\/novoportal\/wp-content\/uploads\/2021\/08\/VAGAS-ASSAI-3-700x525.jpeg 700w, https:\/\/www.sudoestehoje.com.br\/novoportal\/wp-content\/uploads\/2021\/08\/VAGAS-ASSAI-3-768x576.jpeg 768w, https:\/\/www.sudoestehoje.com.br\/novoportal\/wp-content\/uploads\/2021\/08\/VAGAS-ASSAI-3-1536x1152.jpeg 1536w, https:\/\/www.sudoestehoje.com.br\/novoportal\/wp-content\/uploads\/2021\/08\/VAGAS-ASSAI-3.jpeg 1600w\" sizes=\"auto, (max-width: 500px) 100vw, 500px\" \/><\/a><\/p>\n<p>Apesar do estacionamento ser espa\u00e7oso, alguns espertinhos ou &#8220;displicentes&#8221; preferem as vagas destinadas a deficientes, idosos e gestantes, por serem mais pr\u00f3ximas da entrada e embaixo da cobertura.<\/p>\n<p><a href=\"https:\/\/www.sudoestehoje.com.br\/novoportal\/wp-content\/uploads\/2021\/08\/VAGAS-ASSAI-2.jpeg\"><img loading=\"lazy\" decoding=\"async\" class=\"aligncenter size-medium wp-image-96527\" src=\"https:\/\/www.sudoestehoje.com.br\/novoportal\/wp-content\/uploads\/2021\/08\/VAGAS-ASSAI-2-500x375.jpeg\" alt=\"\" width=\"500\" height=\"375\" srcset=\"https:\/\/www.sudoestehoje.com.br\/novoportal\/wp-content\/uploads\/2021\/08\/VAGAS-ASSAI-2-500x375.jpeg 500w, https:\/\/www.sudoestehoje.com.br\/novoportal\/wp-content\/uploads\/2021\/08\/VAGAS-ASSAI-2-700x525.jpeg 700w, https:\/\/www.sudoestehoje.com.br\/novoportal\/wp-content\/uploads\/2021\/08\/VAGAS-ASSAI-2-768x576.jpeg 768w, https:\/\/www.sudoestehoje.com.br\/novoportal\/wp-content\/uploads\/2021\/08\/VAGAS-ASSAI-2-1536x1152.jpeg 1536w, https:\/\/www.sudoestehoje.com.br\/novoportal\/wp-content\/uploads\/2021\/08\/VAGAS-ASSAI-2.jpeg 1600w\" sizes=\"auto, (max-width: 500px) 100vw, 500px\" \/><\/a><\/p>\n<p>Na manh\u00e3 deste s\u00e1bado (21), o<strong><em> Sudoeste Hoje<\/em><\/strong> flagrou algumas irregularidades no local, como homens estacionando em vagas reservadas para gestantes e pessoas jovens estacionando em vagas de idosos, numa demonstra\u00e7\u00e3o de falta de civilidade e desrespeito \u00e0s leis.<\/p>\n<p>O Assa\u00ed precisa redobrar a fiscaliza\u00e7\u00e3o e exigir os cart\u00f5es dos priorit\u00e1rios, uma obriga\u00e7\u00e3o legal.<\/p>\n<p><strong><em>Por Davi Ferraz\u00a0<\/em><\/strong><\/p>\n","protected":false},"excerpt":{"rendered":"<p>As vagas priorit\u00e1rias de estacionamento do Assa\u00ed Atacadista, em Itapetinga, n\u00e3o vem sendo respeitadas por parte dos clientes, apesar de devidamente demarcadas pela empresa, que tamb\u00e9m mant\u00eam vigil\u00e2ncia no local. Apesar do estacionamento ser espa\u00e7oso, alguns espertinhos ou &#8220;displicentes&#8221; preferem as vagas destinadas a deficientes, idosos e gestantes, por serem mais pr\u00f3ximas da entrada e [&hellip;]<\/p>\n","protected":false},"author":2,"featured_media":96526,"comment_status":"open","ping_status":"open","sticky":false,"template":"","format":"standard","meta":{"footnotes":"","_links_to":"","_links_to_target":""},"categories":[1],"tags":[],"class_list":["post-96524","post","type-post","status-publish","format-standard","has-post-thumbnail","hentry","category-geral"],"views":1486,"_links":{"self":[{"href":"https:\/\/www.sudoestehoje.com.br\/novoportal\/wp-json\/wp\/v2\/posts\/96524","targetHints":{"allow":["GET"]}}],"collection":[{"href":"https:\/\/www.sudoestehoje.com.br\/novoportal\/wp-json\/wp\/v2\/posts"}],"about":[{"href":"https:\/\/www.sudoestehoje.com.br\/novoportal\/wp-json\/wp\/v2\/types\/post"}],"author":[{"embeddable":true,"href":"https:\/\/www.sudoestehoje.com.br\/novoportal\/wp-json\/wp\/v2\/users\/2"}],"replies":[{"embeddable":true,"href":"https:\/\/www.sudoestehoje.com.br\/novoportal\/wp-json\/wp\/v2\/comments?post=96524"}],"version-history":[{"count":3,"href":"https:\/\/www.sudoestehoje.com.br\/novoportal\/wp-json\/wp\/v2\/posts\/96524\/revisions"}],"predecessor-version":[{"id":96530,"href":"https:\/\/www.sudoestehoje.com.br\/novoportal\/wp-json\/wp\/v2\/posts\/96524\/revisions\/96530"}],"wp:featuredmedia":[{"embeddable":true,"href":"https:\/\/www.sudoestehoje.com.br\/novoportal\/wp-json\/wp\/v2\/media\/96526"}],"wp:attachment":[{"href":"https:\/\/www.sudoestehoje.com.br\/novoportal\/wp-json\/wp\/v2\/media?parent=96524"}],"wp:term":[{"taxonomy":"category","embeddable":true,"href":"https:\/\/www.sudoestehoje.com.br\/novoportal\/wp-json\/wp\/v2\/categories?post=96524"},{"taxonomy":"post_tag","embeddable":true,"href":"https:\/\/www.sudoestehoje.com.br\/novoportal\/wp-json\/wp\/v2\/tags?post=96524"}],"curies":[{"name":"wp","href":"https:\/\/api.w.org\/{rel}","templated":true}]}}