
{"id":96520,"date":"2021-08-21T20:08:33","date_gmt":"2021-08-21T23:08:33","guid":{"rendered":"https:\/\/www.sudoestehoje.com.br\/novoportal\/?p=96520"},"modified":"2021-08-21T20:08:33","modified_gmt":"2021-08-21T23:08:33","slug":"chuva-e-sol-na-capital-da-pecuaria-baiana","status":"publish","type":"post","link":"https:\/\/www.sudoestehoje.com.br\/novoportal\/2021\/08\/21\/chuva-e-sol-na-capital-da-pecuaria-baiana\/","title":{"rendered":"CHUVA E SOL NA CAPITAL DA PECU\u00c1RIA BAIANA"},"content":{"rendered":"<p><a href=\"https:\/\/www.sudoestehoje.com.br\/novoportal\/wp-content\/uploads\/2021\/08\/chuva-3.jpeg\"><img loading=\"lazy\" decoding=\"async\" class=\"aligncenter size-medium wp-image-96522\" src=\"https:\/\/www.sudoestehoje.com.br\/novoportal\/wp-content\/uploads\/2021\/08\/chuva-3-500x365.jpeg\" alt=\"\" width=\"500\" height=\"365\" srcset=\"https:\/\/www.sudoestehoje.com.br\/novoportal\/wp-content\/uploads\/2021\/08\/chuva-3-500x365.jpeg 500w, https:\/\/www.sudoestehoje.com.br\/novoportal\/wp-content\/uploads\/2021\/08\/chuva-3-700x511.jpeg 700w, https:\/\/www.sudoestehoje.com.br\/novoportal\/wp-content\/uploads\/2021\/08\/chuva-3-768x561.jpeg 768w, https:\/\/www.sudoestehoje.com.br\/novoportal\/wp-content\/uploads\/2021\/08\/chuva-3-1536x1122.jpeg 1536w, https:\/\/www.sudoestehoje.com.br\/novoportal\/wp-content\/uploads\/2021\/08\/chuva-3.jpeg 1600w\" sizes=\"auto, (max-width: 500px) 100vw, 500px\" \/><\/a><\/p>\n<p>Em todo o m\u00eas de agosto, as temperaturas em Itapetinga, a &#8216;Capital da Pecu\u00e1ria Baiana&#8217;, v\u00eam sofrendo varia\u00e7\u00f5es no decorrer dos dias, com manh\u00e3s chuvosos e tardes ensolaradas.<\/p>\n<p>Neste s\u00e1bado (21), uma chuva fina caiu durante a manh\u00e3, aliviando a baixa umidade que vem predominando neste per\u00edodo do inverno.<\/p>\n<p>Para amanh\u00e3 (domingo), a probabilidade de novas precipita\u00e7\u00f5es \u00e9 baixa, segundo o Climatempo, mas a volta das chuvas moderadas deve acontecer no decorrer da semana.<\/p>\n<p><strong><em>Por Davi Ferraz\u00a0<\/em><\/strong><\/p>\n","protected":false},"excerpt":{"rendered":"<p>Em todo o m\u00eas de agosto, as temperaturas em Itapetinga, a &#8216;Capital da Pecu\u00e1ria Baiana&#8217;, v\u00eam sofrendo varia\u00e7\u00f5es no decorrer dos dias, com manh\u00e3s chuvosos e tardes ensolaradas. Neste s\u00e1bado (21), uma chuva fina caiu durante a manh\u00e3, aliviando a baixa umidade que vem predominando neste per\u00edodo do inverno. Para amanh\u00e3 (domingo), a probabilidade de [&hellip;]<\/p>\n","protected":false},"author":2,"featured_media":96522,"comment_status":"open","ping_status":"open","sticky":false,"template":"","format":"standard","meta":{"footnotes":"","_links_to":"","_links_to_target":""},"categories":[1],"tags":[],"class_list":["post-96520","post","type-post","status-publish","format-standard","has-post-thumbnail","hentry","category-geral"],"views":964,"_links":{"self":[{"href":"https:\/\/www.sudoestehoje.com.br\/novoportal\/wp-json\/wp\/v2\/posts\/96520","targetHints":{"allow":["GET"]}}],"collection":[{"href":"https:\/\/www.sudoestehoje.com.br\/novoportal\/wp-json\/wp\/v2\/posts"}],"about":[{"href":"https:\/\/www.sudoestehoje.com.br\/novoportal\/wp-json\/wp\/v2\/types\/post"}],"author":[{"embeddable":true,"href":"https:\/\/www.sudoestehoje.com.br\/novoportal\/wp-json\/wp\/v2\/users\/2"}],"replies":[{"embeddable":true,"href":"https:\/\/www.sudoestehoje.com.br\/novoportal\/wp-json\/wp\/v2\/comments?post=96520"}],"version-history":[{"count":2,"href":"https:\/\/www.sudoestehoje.com.br\/novoportal\/wp-json\/wp\/v2\/posts\/96520\/revisions"}],"predecessor-version":[{"id":96523,"href":"https:\/\/www.sudoestehoje.com.br\/novoportal\/wp-json\/wp\/v2\/posts\/96520\/revisions\/96523"}],"wp:featuredmedia":[{"embeddable":true,"href":"https:\/\/www.sudoestehoje.com.br\/novoportal\/wp-json\/wp\/v2\/media\/96522"}],"wp:attachment":[{"href":"https:\/\/www.sudoestehoje.com.br\/novoportal\/wp-json\/wp\/v2\/media?parent=96520"}],"wp:term":[{"taxonomy":"category","embeddable":true,"href":"https:\/\/www.sudoestehoje.com.br\/novoportal\/wp-json\/wp\/v2\/categories?post=96520"},{"taxonomy":"post_tag","embeddable":true,"href":"https:\/\/www.sudoestehoje.com.br\/novoportal\/wp-json\/wp\/v2\/tags?post=96520"}],"curies":[{"name":"wp","href":"https:\/\/api.w.org\/{rel}","templated":true}]}}