
{"id":96512,"date":"2021-08-20T21:35:08","date_gmt":"2021-08-21T00:35:08","guid":{"rendered":"https:\/\/www.sudoestehoje.com.br\/novoportal\/?p=96512"},"modified":"2021-08-20T21:35:08","modified_gmt":"2021-08-21T00:35:08","slug":"itapetinga-conclui-a-segunda-dose-da-vacina-contra-a-covid-19-de-todos-os-profissionais-da-educacao","status":"publish","type":"post","link":"https:\/\/www.sudoestehoje.com.br\/novoportal\/2021\/08\/20\/itapetinga-conclui-a-segunda-dose-da-vacina-contra-a-covid-19-de-todos-os-profissionais-da-educacao\/","title":{"rendered":"ITAPETINGA CONCLUI A SEGUNDA DOSE DA VACINA CONTRA A COVID-19 DE TODOS OS PROFISSIONAIS DA EDUCA\u00c7\u00c3O"},"content":{"rendered":"<p><a href=\"https:\/\/www.sudoestehoje.com.br\/novoportal\/wp-content\/uploads\/2021\/08\/vacina-covid-edu.jpg\"><img loading=\"lazy\" decoding=\"async\" class=\"aligncenter  wp-image-96516\" src=\"https:\/\/www.sudoestehoje.com.br\/novoportal\/wp-content\/uploads\/2021\/08\/vacina-covid-edu.jpg\" alt=\"\" width=\"499\" height=\"368\" \/><\/a><\/p>\n<p>A Secretaria Municipal de Educa\u00e7\u00e3o est\u00e1 na fase final de prepara\u00e7\u00e3o para anunciar o retorno das atividades presenciais nas escolas municipais. Tudo est\u00e1 sendo planejado visando o resgate dos preju\u00edzos educacionais impostos pela pandemia, mas, acima de tudo tendo o m\u00e1ximo cuidado com o bem estar e a sa\u00fade de todos os envolvidos.<br \/>\nItapetinga foi o primeiro munic\u00edpio da regi\u00e3o a liberar a vacina\u00e7\u00e3o para todos os profissionais da educa\u00e7\u00e3o, fato muito comemorado e que ocorreu no dia 20 de maio.<\/p>\n<p>Na pr\u00f3xima semana a imuniza\u00e7\u00e3o com a segunda dose dos profissionais ser\u00e1 completada. Segundo o Secret\u00e1rio de Educa\u00e7\u00e3o Geraldo Trindade Itapetinga seguir\u00e1 todas as orienta\u00e7\u00f5es e protocolos da OMS que indicam o intervalo de duas semanas ap\u00f3s a segunda dose para o organismo atingir a imuniza\u00e7\u00e3o plena, pois esse \u00e9 o tempo que nosso sistema leva para criar anticorpos neutralizantes, que barram a entrada do v\u00edrus nas c\u00e9lulas.<br \/>\nComo etapa importante na prepara\u00e7\u00e3o para o retorno seguro e sustentado das atividades presenciais, ocorreu na segunda-feira (16) a abertura dos DEZ ENCONTROS DE ACOLHIDA, FORMA\u00c7\u00c3O E REFLEX\u00c3O SOBRE COMO LIDAR COM O AMBIENTE DE TRABALHO EM TEMPO DE PANDEMIA, que est\u00e3o sendo realizados no per\u00edodo de 16 a 25 de agosto, na \u00e1rea livre da Escola Jos\u00e9 Marcos Gusm\u00e3o. Os encontros est\u00e3o sendo mediados por profissional da sa\u00fade e psic\u00f3logo especificamente contratados para a necess\u00e1ria a\u00e7\u00e3o de prepara\u00e7\u00e3o t\u00e9cnica e psicol\u00f3gica dos funcion\u00e1rios, visando a supera\u00e7\u00e3o dos dif\u00edceis momentos que ainda atravessaremos at\u00e9 a normaliza\u00e7\u00e3o completa do cen\u00e1rio educacional mundial.<\/p>\n<p>Na abertura dos encontros o Prefeito Rodrigo Hagge afirmou que \u201cSeguindo a caracter\u00edstica e o foco da gest\u00e3o municipal de realizar a\u00e7\u00f5es da forma mais respons\u00e1vel poss\u00edvel, estamos finalizando todos os preparativos e discuss\u00f5es para o retorno das aulas presenciais em Itapetinga, cumprindo todas as orienta\u00e7\u00f5es pedag\u00f3gicas e de biosseguran\u00e7a\u201d.<br \/>\nNos pr\u00f3ximos dias ser\u00e1 agendada entrevista coletiva para divulga\u00e7\u00e3o dos protocolos e datas do retorno \u00e0s atividades presenciais na Rede Municipal de Educa\u00e7\u00e3o de Itapetinga.<\/p>\n","protected":false},"excerpt":{"rendered":"<p>A Secretaria Municipal de Educa\u00e7\u00e3o est\u00e1 na fase final de prepara\u00e7\u00e3o para anunciar o retorno das atividades presenciais nas escolas municipais. Tudo est\u00e1 sendo planejado visando o resgate dos preju\u00edzos educacionais impostos pela pandemia, mas, acima de tudo tendo o m\u00e1ximo cuidado com o bem estar e a sa\u00fade de todos os envolvidos. Itapetinga foi [&hellip;]<\/p>\n","protected":false},"author":2,"featured_media":96516,"comment_status":"open","ping_status":"open","sticky":false,"template":"","format":"standard","meta":{"footnotes":"","_links_to":"","_links_to_target":""},"categories":[1],"tags":[],"class_list":["post-96512","post","type-post","status-publish","format-standard","has-post-thumbnail","hentry","category-geral"],"views":778,"_links":{"self":[{"href":"https:\/\/www.sudoestehoje.com.br\/novoportal\/wp-json\/wp\/v2\/posts\/96512","targetHints":{"allow":["GET"]}}],"collection":[{"href":"https:\/\/www.sudoestehoje.com.br\/novoportal\/wp-json\/wp\/v2\/posts"}],"about":[{"href":"https:\/\/www.sudoestehoje.com.br\/novoportal\/wp-json\/wp\/v2\/types\/post"}],"author":[{"embeddable":true,"href":"https:\/\/www.sudoestehoje.com.br\/novoportal\/wp-json\/wp\/v2\/users\/2"}],"replies":[{"embeddable":true,"href":"https:\/\/www.sudoestehoje.com.br\/novoportal\/wp-json\/wp\/v2\/comments?post=96512"}],"version-history":[{"count":2,"href":"https:\/\/www.sudoestehoje.com.br\/novoportal\/wp-json\/wp\/v2\/posts\/96512\/revisions"}],"predecessor-version":[{"id":96517,"href":"https:\/\/www.sudoestehoje.com.br\/novoportal\/wp-json\/wp\/v2\/posts\/96512\/revisions\/96517"}],"wp:featuredmedia":[{"embeddable":true,"href":"https:\/\/www.sudoestehoje.com.br\/novoportal\/wp-json\/wp\/v2\/media\/96516"}],"wp:attachment":[{"href":"https:\/\/www.sudoestehoje.com.br\/novoportal\/wp-json\/wp\/v2\/media?parent=96512"}],"wp:term":[{"taxonomy":"category","embeddable":true,"href":"https:\/\/www.sudoestehoje.com.br\/novoportal\/wp-json\/wp\/v2\/categories?post=96512"},{"taxonomy":"post_tag","embeddable":true,"href":"https:\/\/www.sudoestehoje.com.br\/novoportal\/wp-json\/wp\/v2\/tags?post=96512"}],"curies":[{"name":"wp","href":"https:\/\/api.w.org\/{rel}","templated":true}]}}