
{"id":96495,"date":"2021-08-19T17:48:09","date_gmt":"2021-08-19T20:48:09","guid":{"rendered":"https:\/\/www.sudoestehoje.com.br\/novoportal\/?p=96495"},"modified":"2021-08-19T17:55:59","modified_gmt":"2021-08-19T20:55:59","slug":"corpo-que-caiu-de-aviao-era-de-jogador-da-selecao-do-afeganistao","status":"publish","type":"post","link":"https:\/\/www.sudoestehoje.com.br\/novoportal\/2021\/08\/19\/corpo-que-caiu-de-aviao-era-de-jogador-da-selecao-do-afeganistao\/","title":{"rendered":"CORPO QUE CAIU DE AVI\u00c3O ERA DE JOGADOR DA SELE\u00c7\u00c3O DO AFEGANIST\u00c3O"},"content":{"rendered":"<p><a href=\"https:\/\/www.sudoestehoje.com.br\/novoportal\/wp-content\/uploads\/2021\/08\/zaki-anwari-afeganistao-jovem-afeganistao-jogador-da-selecao-de-base-do-afeganistao-19082021154524480.jpeg\"><img loading=\"lazy\" decoding=\"async\" class=\"aligncenter size-medium wp-image-96496\" src=\"https:\/\/www.sudoestehoje.com.br\/novoportal\/wp-content\/uploads\/2021\/08\/zaki-anwari-afeganistao-jovem-afeganistao-jogador-da-selecao-de-base-do-afeganistao-19082021154524480-500x289.jpeg\" alt=\"\" width=\"500\" height=\"289\" srcset=\"https:\/\/www.sudoestehoje.com.br\/novoportal\/wp-content\/uploads\/2021\/08\/zaki-anwari-afeganistao-jovem-afeganistao-jogador-da-selecao-de-base-do-afeganistao-19082021154524480-500x289.jpeg 500w, https:\/\/www.sudoestehoje.com.br\/novoportal\/wp-content\/uploads\/2021\/08\/zaki-anwari-afeganistao-jovem-afeganistao-jogador-da-selecao-de-base-do-afeganistao-19082021154524480-700x405.jpeg 700w, https:\/\/www.sudoestehoje.com.br\/novoportal\/wp-content\/uploads\/2021\/08\/zaki-anwari-afeganistao-jovem-afeganistao-jogador-da-selecao-de-base-do-afeganistao-19082021154524480.jpeg 726w\" sizes=\"auto, (max-width: 500px) 100vw, 500px\" \/><\/a><\/p>\n<p>No in\u00edcio desta semana, cenas e v\u00eddeos de desespero capturados no aeroporto da cidade de Cabul, capital do Afeganist\u00e3o, chocaram internautas ao redor do mundo.<\/p>\n<p>J\u00e1 nesta quinta-feira, 19, o canal de not\u00edcias Ariana News divulgou em sua conta oficial do Twitter que uma das fatalidades ocorridas em meio ao caos foi a morte do\u00a0<a href=\"https:\/\/aventurasnahistoria.uol.com.br\/noticias\/historia-hoje\/otimo-agora-faca-isso-por-meghan-principe-william-e-criticado-por-nao-ter-se-posicionado-em-relacao-ao-racismo-sofrido-pela-cunhada.phtml\" target=\"_blank\" rel=\"noopener noreferrer\">jogador de futebol<\/a><strong>Zaki Anwari<\/strong>, um rapaz de 19 anos que fazia parte da sele\u00e7\u00e3o nacional afeg\u00e3.<\/p>\n<p>O jovem afeg\u00e3o foi um dos muitos que tentaram fugir do pa\u00eds atrav\u00e9s dos\u00a0<a href=\"https:\/\/aventurasnahistoria.uol.com.br\/noticias\/reportagem\/santo-graal-da-aviacao-militar-curiosa-saga-do-esquecido-b-17.phtml\" target=\"_blank\" rel=\"noopener noreferrer\">avi\u00f5es militares<\/a>\u00a0dos Estados Unidos, ap\u00f3s ouvir a not\u00edcia da tomada do governo pelo grupo fundamentalista isl\u00e2mico conhecido como\u00a0<a href=\"https:\/\/aventurasnahistoria.uol.com.br\/noticias\/historia-hoje\/unesco-implora-pela-preservacao-do-patrimonio-historico-do-afeganistao.phtml\" target=\"_blank\" rel=\"noopener noreferrer\">Talib\u00e3<\/a>.<\/p>\n","protected":false},"excerpt":{"rendered":"<p>No in\u00edcio desta semana, cenas e v\u00eddeos de desespero capturados no aeroporto da cidade de Cabul, capital do Afeganist\u00e3o, chocaram internautas ao redor do mundo. J\u00e1 nesta quinta-feira, 19, o canal de not\u00edcias Ariana News divulgou em sua conta oficial do Twitter que uma das fatalidades ocorridas em meio ao caos foi a morte do\u00a0jogador [&hellip;]<\/p>\n","protected":false},"author":2,"featured_media":96496,"comment_status":"open","ping_status":"open","sticky":false,"template":"","format":"standard","meta":{"footnotes":"","_links_to":"","_links_to_target":""},"categories":[1],"tags":[],"class_list":["post-96495","post","type-post","status-publish","format-standard","has-post-thumbnail","hentry","category-geral"],"views":1235,"_links":{"self":[{"href":"https:\/\/www.sudoestehoje.com.br\/novoportal\/wp-json\/wp\/v2\/posts\/96495","targetHints":{"allow":["GET"]}}],"collection":[{"href":"https:\/\/www.sudoestehoje.com.br\/novoportal\/wp-json\/wp\/v2\/posts"}],"about":[{"href":"https:\/\/www.sudoestehoje.com.br\/novoportal\/wp-json\/wp\/v2\/types\/post"}],"author":[{"embeddable":true,"href":"https:\/\/www.sudoestehoje.com.br\/novoportal\/wp-json\/wp\/v2\/users\/2"}],"replies":[{"embeddable":true,"href":"https:\/\/www.sudoestehoje.com.br\/novoportal\/wp-json\/wp\/v2\/comments?post=96495"}],"version-history":[{"count":3,"href":"https:\/\/www.sudoestehoje.com.br\/novoportal\/wp-json\/wp\/v2\/posts\/96495\/revisions"}],"predecessor-version":[{"id":96499,"href":"https:\/\/www.sudoestehoje.com.br\/novoportal\/wp-json\/wp\/v2\/posts\/96495\/revisions\/96499"}],"wp:featuredmedia":[{"embeddable":true,"href":"https:\/\/www.sudoestehoje.com.br\/novoportal\/wp-json\/wp\/v2\/media\/96496"}],"wp:attachment":[{"href":"https:\/\/www.sudoestehoje.com.br\/novoportal\/wp-json\/wp\/v2\/media?parent=96495"}],"wp:term":[{"taxonomy":"category","embeddable":true,"href":"https:\/\/www.sudoestehoje.com.br\/novoportal\/wp-json\/wp\/v2\/categories?post=96495"},{"taxonomy":"post_tag","embeddable":true,"href":"https:\/\/www.sudoestehoje.com.br\/novoportal\/wp-json\/wp\/v2\/tags?post=96495"}],"curies":[{"name":"wp","href":"https:\/\/api.w.org\/{rel}","templated":true}]}}