
{"id":96482,"date":"2021-08-18T21:29:16","date_gmt":"2021-08-19T00:29:16","guid":{"rendered":"https:\/\/www.sudoestehoje.com.br\/novoportal\/?p=96482"},"modified":"2021-08-18T21:29:16","modified_gmt":"2021-08-19T00:29:16","slug":"rui-costa-diz-que-deputado-paulo-camara-e-desprovido-de-carater-ao-denunciar-aumento-no-icms-dos-combustiveis","status":"publish","type":"post","link":"https:\/\/www.sudoestehoje.com.br\/novoportal\/2021\/08\/18\/rui-costa-diz-que-deputado-paulo-camara-e-desprovido-de-carater-ao-denunciar-aumento-no-icms-dos-combustiveis\/","title":{"rendered":"RUI COSTA DIZ QUE DEPUTADO PAULO C\u00c2MARA \u00c9 &#8220;DESPROVIDO DE CAR\u00c1TER&#8221; AO DENUNCIAR AUMENTO NO ICMS DOS COMBUST\u00cdVEIS"},"content":{"rendered":"<p><a href=\"https:\/\/www.sudoestehoje.com.br\/novoportal\/wp-content\/uploads\/2021\/08\/rui-costa-22.jpg\"><img loading=\"lazy\" decoding=\"async\" class=\"aligncenter size-medium wp-image-96487\" src=\"https:\/\/www.sudoestehoje.com.br\/novoportal\/wp-content\/uploads\/2021\/08\/rui-costa-22-500x350.jpg\" alt=\"\" width=\"500\" height=\"350\" srcset=\"https:\/\/www.sudoestehoje.com.br\/novoportal\/wp-content\/uploads\/2021\/08\/rui-costa-22-500x350.jpg 500w, https:\/\/www.sudoestehoje.com.br\/novoportal\/wp-content\/uploads\/2021\/08\/rui-costa-22.jpg 600w\" sizes=\"auto, (max-width: 500px) 100vw, 500px\" \/><\/a><\/p>\n<p>Durante o programa Papo Correria desta quarta-feira (18), o governador\u00a0Rui Costa rebateu \u00e0s declara\u00e7\u00f5es do deputado estadual Paulo C\u00e2mara (PSDB) que vem ao longo do ano o responsabilizando pelos constantes\u00a0aumentos do pre\u00e7o dos combust\u00edveis na Bahia.<\/p>\n<p>Ao responder o questionamento de um internauta, o governador disse que o deputado \u00e9 \u201cdesprovido de car\u00e1ter\u201d e pediu que a Comiss\u00e3o \u00c9tica e Decoro Parlamentar da Assembleia Legislativa da Bahia (Alba) o convoque para provar as acusa\u00e7\u00f5es.<\/p>\n<p>\u201cEu acho vergonhoso e acho que a Comiss\u00e3o de \u00c9tica dos deputados deveria convocar o deputado a comprovar as suas acusa\u00e7\u00f5es. Caso ele n\u00e3o comprove, na minha opini\u00e3o, isso fere o decoro parlamentar. \u00c9 um absurdo ver pessoas desprovidas de car\u00e1ter distribuindo e insistindo em divulgar noticias falsas\u201d, afirmou o governador.<\/p>\n<p>\u201cA Bahia n\u00e3o fez e n\u00e3o far\u00e1 nenhuma mudan\u00e7a no valor do ICMS dos combust\u00edveis. Infelizmente, essas pessoas que s\u00e3o seguidoras desse presidente que est\u00e1 destruindo o Brasil, e que est\u00e3o em p\u00e2nico eleitoral, resolvem se agarrar ao estilo do presidente de distribuir e insistir com fake news e com a teoria nazista de repetir a mentira muitas vezes, at\u00e9 que algu\u00e9m acredite\u201d, completou.<em> \/\/Bahia.Ba<\/em><\/p>\n","protected":false},"excerpt":{"rendered":"<p>Durante o programa Papo Correria desta quarta-feira (18), o governador\u00a0Rui Costa rebateu \u00e0s declara\u00e7\u00f5es do deputado estadual Paulo C\u00e2mara (PSDB) que vem ao longo do ano o responsabilizando pelos constantes\u00a0aumentos do pre\u00e7o dos combust\u00edveis na Bahia. Ao responder o questionamento de um internauta, o governador disse que o deputado \u00e9 \u201cdesprovido de car\u00e1ter\u201d e pediu [&hellip;]<\/p>\n","protected":false},"author":2,"featured_media":96487,"comment_status":"open","ping_status":"open","sticky":false,"template":"","format":"standard","meta":{"footnotes":"","_links_to":"","_links_to_target":""},"categories":[1],"tags":[],"class_list":["post-96482","post","type-post","status-publish","format-standard","has-post-thumbnail","hentry","category-geral"],"views":1154,"_links":{"self":[{"href":"https:\/\/www.sudoestehoje.com.br\/novoportal\/wp-json\/wp\/v2\/posts\/96482","targetHints":{"allow":["GET"]}}],"collection":[{"href":"https:\/\/www.sudoestehoje.com.br\/novoportal\/wp-json\/wp\/v2\/posts"}],"about":[{"href":"https:\/\/www.sudoestehoje.com.br\/novoportal\/wp-json\/wp\/v2\/types\/post"}],"author":[{"embeddable":true,"href":"https:\/\/www.sudoestehoje.com.br\/novoportal\/wp-json\/wp\/v2\/users\/2"}],"replies":[{"embeddable":true,"href":"https:\/\/www.sudoestehoje.com.br\/novoportal\/wp-json\/wp\/v2\/comments?post=96482"}],"version-history":[{"count":5,"href":"https:\/\/www.sudoestehoje.com.br\/novoportal\/wp-json\/wp\/v2\/posts\/96482\/revisions"}],"predecessor-version":[{"id":96488,"href":"https:\/\/www.sudoestehoje.com.br\/novoportal\/wp-json\/wp\/v2\/posts\/96482\/revisions\/96488"}],"wp:featuredmedia":[{"embeddable":true,"href":"https:\/\/www.sudoestehoje.com.br\/novoportal\/wp-json\/wp\/v2\/media\/96487"}],"wp:attachment":[{"href":"https:\/\/www.sudoestehoje.com.br\/novoportal\/wp-json\/wp\/v2\/media?parent=96482"}],"wp:term":[{"taxonomy":"category","embeddable":true,"href":"https:\/\/www.sudoestehoje.com.br\/novoportal\/wp-json\/wp\/v2\/categories?post=96482"},{"taxonomy":"post_tag","embeddable":true,"href":"https:\/\/www.sudoestehoje.com.br\/novoportal\/wp-json\/wp\/v2\/tags?post=96482"}],"curies":[{"name":"wp","href":"https:\/\/api.w.org\/{rel}","templated":true}]}}