
{"id":96474,"date":"2021-08-18T21:05:56","date_gmt":"2021-08-19T00:05:56","guid":{"rendered":"https:\/\/www.sudoestehoje.com.br\/novoportal\/?p=96474"},"modified":"2021-08-18T21:07:57","modified_gmt":"2021-08-19T00:07:57","slug":"3a-dose-de-reforco-contra-covid-19-deve-comecar-por-idosos-e-profissionais-da-saude","status":"publish","type":"post","link":"https:\/\/www.sudoestehoje.com.br\/novoportal\/2021\/08\/18\/3a-dose-de-reforco-contra-covid-19-deve-comecar-por-idosos-e-profissionais-da-saude\/","title":{"rendered":"3\u00aa DOSE DE REFOR\u00c7O CONTRA COVID-19 DEVE COME\u00c7AR POR IDOSOS E PROFISSIONAIS DA SA\u00daDE"},"content":{"rendered":"<p><a href=\"https:\/\/www.sudoestehoje.com.br\/novoportal\/wp-content\/uploads\/2021\/08\/vacinacao_covid_idoso_aparecido_ubs_vila_rami-23.jpg\"><img loading=\"lazy\" decoding=\"async\" class=\"aligncenter size-medium wp-image-96478\" src=\"https:\/\/www.sudoestehoje.com.br\/novoportal\/wp-content\/uploads\/2021\/08\/vacinacao_covid_idoso_aparecido_ubs_vila_rami-23-500x333.jpg\" alt=\"\" width=\"500\" height=\"333\" srcset=\"https:\/\/www.sudoestehoje.com.br\/novoportal\/wp-content\/uploads\/2021\/08\/vacinacao_covid_idoso_aparecido_ubs_vila_rami-23-500x333.jpg 500w, https:\/\/www.sudoestehoje.com.br\/novoportal\/wp-content\/uploads\/2021\/08\/vacinacao_covid_idoso_aparecido_ubs_vila_rami-23-700x466.jpg 700w, https:\/\/www.sudoestehoje.com.br\/novoportal\/wp-content\/uploads\/2021\/08\/vacinacao_covid_idoso_aparecido_ubs_vila_rami-23-768x512.jpg 768w, https:\/\/www.sudoestehoje.com.br\/novoportal\/wp-content\/uploads\/2021\/08\/vacinacao_covid_idoso_aparecido_ubs_vila_rami-23.jpg 1280w\" sizes=\"auto, (max-width: 500px) 100vw, 500px\" \/><\/a><\/p>\n<p>A aplica\u00e7\u00e3o da terceira dose de vacinas contra a Covid-19 dever\u00e1 come\u00e7ar por idosos e profissionais de sa\u00fade. A informa\u00e7\u00e3o \u00e9 do ministro da Sa\u00fade, Marcelo Queiroga, durante entrevista \u00e0 imprensa, nesta quarta-feira (18), para explicar a metodologia para harmonizar a distribui\u00e7\u00e3o de imunizantes para os estados e o Distrito Federal.<\/p>\n<p>O ministro, no entanto, destacou para a iniciar a dose de refor\u00e7o ainda s\u00e3o necess\u00e1rios mais dados cient\u00edficos para que o Minist\u00e9rio da Sa\u00fade possa organizar a sua aplica\u00e7\u00e3o. \u201cPlanejamos, no momento que tivermos todos os dados cient\u00edficos e tivermos o n\u00famero de doses suficiente dispon\u00edvel, j\u00e1 orientar um refor\u00e7o da vacina\u00e7\u00e3o. Isso vale para todos os imunizantes\u201d.<\/p>\n","protected":false},"excerpt":{"rendered":"<p>A aplica\u00e7\u00e3o da terceira dose de vacinas contra a Covid-19 dever\u00e1 come\u00e7ar por idosos e profissionais de sa\u00fade. A informa\u00e7\u00e3o \u00e9 do ministro da Sa\u00fade, Marcelo Queiroga, durante entrevista \u00e0 imprensa, nesta quarta-feira (18), para explicar a metodologia para harmonizar a distribui\u00e7\u00e3o de imunizantes para os estados e o Distrito Federal. O ministro, no entanto, [&hellip;]<\/p>\n","protected":false},"author":2,"featured_media":96478,"comment_status":"open","ping_status":"open","sticky":false,"template":"","format":"standard","meta":{"footnotes":"","_links_to":"","_links_to_target":""},"categories":[1],"tags":[],"class_list":["post-96474","post","type-post","status-publish","format-standard","has-post-thumbnail","hentry","category-geral"],"views":1175,"_links":{"self":[{"href":"https:\/\/www.sudoestehoje.com.br\/novoportal\/wp-json\/wp\/v2\/posts\/96474","targetHints":{"allow":["GET"]}}],"collection":[{"href":"https:\/\/www.sudoestehoje.com.br\/novoportal\/wp-json\/wp\/v2\/posts"}],"about":[{"href":"https:\/\/www.sudoestehoje.com.br\/novoportal\/wp-json\/wp\/v2\/types\/post"}],"author":[{"embeddable":true,"href":"https:\/\/www.sudoestehoje.com.br\/novoportal\/wp-json\/wp\/v2\/users\/2"}],"replies":[{"embeddable":true,"href":"https:\/\/www.sudoestehoje.com.br\/novoportal\/wp-json\/wp\/v2\/comments?post=96474"}],"version-history":[{"count":5,"href":"https:\/\/www.sudoestehoje.com.br\/novoportal\/wp-json\/wp\/v2\/posts\/96474\/revisions"}],"predecessor-version":[{"id":96481,"href":"https:\/\/www.sudoestehoje.com.br\/novoportal\/wp-json\/wp\/v2\/posts\/96474\/revisions\/96481"}],"wp:featuredmedia":[{"embeddable":true,"href":"https:\/\/www.sudoestehoje.com.br\/novoportal\/wp-json\/wp\/v2\/media\/96478"}],"wp:attachment":[{"href":"https:\/\/www.sudoestehoje.com.br\/novoportal\/wp-json\/wp\/v2\/media?parent=96474"}],"wp:term":[{"taxonomy":"category","embeddable":true,"href":"https:\/\/www.sudoestehoje.com.br\/novoportal\/wp-json\/wp\/v2\/categories?post=96474"},{"taxonomy":"post_tag","embeddable":true,"href":"https:\/\/www.sudoestehoje.com.br\/novoportal\/wp-json\/wp\/v2\/tags?post=96474"}],"curies":[{"name":"wp","href":"https:\/\/api.w.org\/{rel}","templated":true}]}}