
{"id":96467,"date":"2021-08-18T19:59:14","date_gmt":"2021-08-18T22:59:14","guid":{"rendered":"https:\/\/www.sudoestehoje.com.br\/novoportal\/?p=96467"},"modified":"2021-08-18T21:38:40","modified_gmt":"2021-08-19T00:38:40","slug":"boa-noticia-itapetinga-nao-teve-nehuma-morte-por-covid-19-no-mes-de-agosto","status":"publish","type":"post","link":"https:\/\/www.sudoestehoje.com.br\/novoportal\/2021\/08\/18\/boa-noticia-itapetinga-nao-teve-nehuma-morte-por-covid-19-no-mes-de-agosto\/","title":{"rendered":"BOA NOT\u00cdCIA! ITAPETINGA N\u00c3O TEVE NENHUMA MORTE POR COVID-19 NO M\u00caS DE AGOSTO"},"content":{"rendered":"<p><a href=\"https:\/\/www.sudoestehoje.com.br\/novoportal\/wp-content\/uploads\/2021\/08\/ITAPETINGA-VISTA-PARCIAL.jpeg\"><img loading=\"lazy\" decoding=\"async\" class=\"aligncenter size-medium wp-image-96469\" src=\"https:\/\/www.sudoestehoje.com.br\/novoportal\/wp-content\/uploads\/2021\/08\/ITAPETINGA-VISTA-PARCIAL-500x333.jpeg\" alt=\"\" width=\"500\" height=\"333\" srcset=\"https:\/\/www.sudoestehoje.com.br\/novoportal\/wp-content\/uploads\/2021\/08\/ITAPETINGA-VISTA-PARCIAL-500x333.jpeg 500w, https:\/\/www.sudoestehoje.com.br\/novoportal\/wp-content\/uploads\/2021\/08\/ITAPETINGA-VISTA-PARCIAL-700x466.jpeg 700w, https:\/\/www.sudoestehoje.com.br\/novoportal\/wp-content\/uploads\/2021\/08\/ITAPETINGA-VISTA-PARCIAL-768x512.jpeg 768w, https:\/\/www.sudoestehoje.com.br\/novoportal\/wp-content\/uploads\/2021\/08\/ITAPETINGA-VISTA-PARCIAL.jpeg 1280w\" sizes=\"auto, (max-width: 500px) 100vw, 500px\" \/><\/a><\/p>\n<p>No m\u00eas de agosto, o munic\u00edpio de Itapetinga n\u00e3o registrou nenhum \u00f3bito por Covid-19, de acordo com o Boletim Epidemiol\u00f3gico da Secretaria Municipal de Sa\u00fade.<\/p>\n<p>Durante o per\u00edodo, foram registrados apenas 28 casos de contamina\u00e7\u00e3o, totalizando 5.173 infectados, desde o in\u00edcio da pandemia, em mar\u00e7o do ano passado. O boletim desta quarta-feira (18) informa que restam somente 08 (oito) casos ativos no munic\u00edpio.<\/p>\n<p>Em contato com o <strong><em>Sudoeste Hoje<\/em><\/strong>, o prefeito Rodrigo Hagge manifestou o seu contentamento com o decl\u00ednio dos casos de Covid-19 em Itapetinga: <em>&#8220;\u00c9 a efici\u00eancia da vacina\u00e7\u00e3o. Al\u00e9m disso, adotamos todas as medidas necess\u00e1rias para combater a pandemia, desde o in\u00edcio, atrav\u00e9s do trabalho eficiente e respons\u00e1vel da nossa equipe, com o apoio de toda a popula\u00e7\u00e3o&#8221;<\/em>, comemorou o chefe do executivo.<\/p>\n<p><strong><em>Por Davi Ferraz<\/em><\/strong><\/p>\n","protected":false},"excerpt":{"rendered":"<p>No m\u00eas de agosto, o munic\u00edpio de Itapetinga n\u00e3o registrou nenhum \u00f3bito por Covid-19, de acordo com o Boletim Epidemiol\u00f3gico da Secretaria Municipal de Sa\u00fade. Durante o per\u00edodo, foram registrados apenas 28 casos de contamina\u00e7\u00e3o, totalizando 5.173 infectados, desde o in\u00edcio da pandemia, em mar\u00e7o do ano passado. O boletim desta quarta-feira (18) informa que [&hellip;]<\/p>\n","protected":false},"author":2,"featured_media":96469,"comment_status":"open","ping_status":"open","sticky":false,"template":"","format":"standard","meta":{"footnotes":"","_links_to":"","_links_to_target":""},"categories":[1],"tags":[],"class_list":["post-96467","post","type-post","status-publish","format-standard","has-post-thumbnail","hentry","category-geral"],"views":878,"_links":{"self":[{"href":"https:\/\/www.sudoestehoje.com.br\/novoportal\/wp-json\/wp\/v2\/posts\/96467","targetHints":{"allow":["GET"]}}],"collection":[{"href":"https:\/\/www.sudoestehoje.com.br\/novoportal\/wp-json\/wp\/v2\/posts"}],"about":[{"href":"https:\/\/www.sudoestehoje.com.br\/novoportal\/wp-json\/wp\/v2\/types\/post"}],"author":[{"embeddable":true,"href":"https:\/\/www.sudoestehoje.com.br\/novoportal\/wp-json\/wp\/v2\/users\/2"}],"replies":[{"embeddable":true,"href":"https:\/\/www.sudoestehoje.com.br\/novoportal\/wp-json\/wp\/v2\/comments?post=96467"}],"version-history":[{"count":6,"href":"https:\/\/www.sudoestehoje.com.br\/novoportal\/wp-json\/wp\/v2\/posts\/96467\/revisions"}],"predecessor-version":[{"id":96489,"href":"https:\/\/www.sudoestehoje.com.br\/novoportal\/wp-json\/wp\/v2\/posts\/96467\/revisions\/96489"}],"wp:featuredmedia":[{"embeddable":true,"href":"https:\/\/www.sudoestehoje.com.br\/novoportal\/wp-json\/wp\/v2\/media\/96469"}],"wp:attachment":[{"href":"https:\/\/www.sudoestehoje.com.br\/novoportal\/wp-json\/wp\/v2\/media?parent=96467"}],"wp:term":[{"taxonomy":"category","embeddable":true,"href":"https:\/\/www.sudoestehoje.com.br\/novoportal\/wp-json\/wp\/v2\/categories?post=96467"},{"taxonomy":"post_tag","embeddable":true,"href":"https:\/\/www.sudoestehoje.com.br\/novoportal\/wp-json\/wp\/v2\/tags?post=96467"}],"curies":[{"name":"wp","href":"https:\/\/api.w.org\/{rel}","templated":true}]}}