
{"id":96433,"date":"2021-08-17T00:02:18","date_gmt":"2021-08-17T03:02:18","guid":{"rendered":"https:\/\/www.sudoestehoje.com.br\/novoportal\/?p=96433"},"modified":"2021-08-16T23:29:49","modified_gmt":"2021-08-17T02:29:49","slug":"itapetinga-vereador-helder-parabeniza-bandeira-do-colonia-pelos-seus-68-anos","status":"publish","type":"post","link":"https:\/\/www.sudoestehoje.com.br\/novoportal\/2021\/08\/17\/itapetinga-vereador-helder-parabeniza-bandeira-do-colonia-pelos-seus-68-anos\/","title":{"rendered":"ITAPETINGA: VEREADOR HELDER PARABENIZA BANDEIRA DO COL\u00d4NIA PELOS SEUS 68 ANOS"},"content":{"rendered":"<p><a href=\"https:\/\/www.sudoestehoje.com.br\/novoportal\/wp-content\/uploads\/2021\/08\/bandeira-1.jpeg\"><img loading=\"lazy\" decoding=\"async\" class=\"aligncenter size-medium wp-image-96434\" src=\"https:\/\/www.sudoestehoje.com.br\/novoportal\/wp-content\/uploads\/2021\/08\/bandeira-1-500x334.jpeg\" alt=\"\" width=\"500\" height=\"334\" srcset=\"https:\/\/www.sudoestehoje.com.br\/novoportal\/wp-content\/uploads\/2021\/08\/bandeira-1-500x334.jpeg 500w, https:\/\/www.sudoestehoje.com.br\/novoportal\/wp-content\/uploads\/2021\/08\/bandeira-1-700x467.jpeg 700w, https:\/\/www.sudoestehoje.com.br\/novoportal\/wp-content\/uploads\/2021\/08\/bandeira-1.jpeg 715w\" sizes=\"auto, (max-width: 500px) 100vw, 500px\" \/><\/a><\/p>\n<p>Neste dia 17 de agosto de 2021, Bandeira do Col\u00f4nia completa 68 anos de muita hist\u00f3ria e alguns feitos importantes ao longo da sua hist\u00f3ria, que contribu\u00edram\u00a0 para seu amadurecimento. Lugar de um povo batalhador e sempre disposto ao seu desenvolvimento, n\u00e3o h\u00e1 como deixar passar em branco este feito.<\/p>\n<p>Ao longo de sua hist\u00f3ria, Bandeira do Col\u00f4nia elevou sua condi\u00e7\u00e3o enquanto distrito. Podemos citar suas igrejas, sem distin\u00e7\u00e3o religiosa, pontos comerciais, acesso a \u00e1rea de sa\u00fade, boas escolas e uma creche, ambientes de esporte e lazer, artistas da terra, academias entre outros.<\/p>\n<p><a href=\"https:\/\/www.sudoestehoje.com.br\/novoportal\/wp-content\/uploads\/2021\/08\/bandeira-2.jpeg\"><img loading=\"lazy\" decoding=\"async\" class=\"aligncenter size-medium wp-image-96440\" src=\"https:\/\/www.sudoestehoje.com.br\/novoportal\/wp-content\/uploads\/2021\/08\/bandeira-2-500x286.jpeg\" alt=\"\" width=\"500\" height=\"286\" srcset=\"https:\/\/www.sudoestehoje.com.br\/novoportal\/wp-content\/uploads\/2021\/08\/bandeira-2-500x286.jpeg 500w, https:\/\/www.sudoestehoje.com.br\/novoportal\/wp-content\/uploads\/2021\/08\/bandeira-2.jpeg 640w\" sizes=\"auto, (max-width: 500px) 100vw, 500px\" \/><\/a><\/p>\n<p>H\u00e1 ainda folcl\u00f3ricos nomes que se passaram pela localidade e que deixaram suas marcas bem como seu famoso e alegre S\u00e3o Pedro que, devido \u00e0 pandemia, teve que dar uma pequena tr\u00e9gua at\u00e9 o presente momento. Mas nem por isso tudo parou, porque a batalha \u00e9 di\u00e1ria e o trabalho tem que seguir.<\/p>\n<p>Como parte da nova trajet\u00f3ria e pensando no seu desenvolvimento, hoje o distrito de Bandeira do Col\u00f4nia conta com o atuante Vereador H\u00e9lder de Bandeira, que deixa sua mensagem<b>:<\/b><\/p>\n<p><a href=\"https:\/\/www.sudoestehoje.com.br\/novoportal\/wp-content\/uploads\/2021\/08\/bandeira-helder.jpeg\"><img loading=\"lazy\" decoding=\"async\" class=\"aligncenter size-medium wp-image-96441\" src=\"https:\/\/www.sudoestehoje.com.br\/novoportal\/wp-content\/uploads\/2021\/08\/bandeira-helder-500x360.jpeg\" alt=\"\" width=\"500\" height=\"360\" srcset=\"https:\/\/www.sudoestehoje.com.br\/novoportal\/wp-content\/uploads\/2021\/08\/bandeira-helder-500x360.jpeg 500w, https:\/\/www.sudoestehoje.com.br\/novoportal\/wp-content\/uploads\/2021\/08\/bandeira-helder-700x504.jpeg 700w, https:\/\/www.sudoestehoje.com.br\/novoportal\/wp-content\/uploads\/2021\/08\/bandeira-helder-768x553.jpeg 768w, https:\/\/www.sudoestehoje.com.br\/novoportal\/wp-content\/uploads\/2021\/08\/bandeira-helder.jpeg 932w\" sizes=\"auto, (max-width: 500px) 100vw, 500px\" \/><\/a><\/p>\n<p><em>\u201cParab\u00e9ns, meu querido Bandeira do Col\u00f4nia. \u00c9 uma honra\u00a0 fazer parte daqui e saber que pude contribuir com um pouco de sua bela hist\u00f3ria, enquanto morador e profissional da sa\u00fade. E agora este nobre Vereador ir\u00e1 sempre em busca de novas realiza\u00e7\u00f5es ao qual eu vejo por merecer ao seu povo que ama este lugar, que assim como eu, sempre venho lutando: prosperidade,\u00a0 e vamos realizar juntos novos sonhos. Meu muito obrigado pelo acolhimento\u201d. \/\/Ascom<\/em><\/p>\n\n\t\t<style type=\"text\/css\">\n\t\t\t#gallery-1 {\n\t\t\t\tmargin: auto;\n\t\t\t}\n\t\t\t#gallery-1 .gallery-item {\n\t\t\t\tfloat: left;\n\t\t\t\tmargin-top: 10px;\n\t\t\t\ttext-align: center;\n\t\t\t\twidth: 33%;\n\t\t\t}\n\t\t\t#gallery-1 img {\n\t\t\t\tborder: 2px solid #cfcfcf;\n\t\t\t}\n\t\t\t#gallery-1 .gallery-caption {\n\t\t\t\tmargin-left: 0;\n\t\t\t}\n\t\t\t\/* see gallery_shortcode() in wp-includes\/media.php *\/\n\t\t<\/style>\n\t\t<div id='gallery-1' class='gallery galleryid-96433 gallery-columns-3 gallery-size-thumbnail'><dl class='gallery-item'>\n\t\t\t<dt class='gallery-icon landscape'>\n\t\t\t\t<a href='https:\/\/www.sudoestehoje.com.br\/novoportal\/2021\/08\/17\/itapetinga-vereador-helder-parabeniza-bandeira-do-colonia-pelos-seus-68-anos\/bandeira-3-3\/'><img loading=\"lazy\" decoding=\"async\" width=\"150\" height=\"150\" src=\"https:\/\/www.sudoestehoje.com.br\/novoportal\/wp-content\/uploads\/2021\/08\/bandeira-3-150x150.jpeg\" class=\"attachment-thumbnail size-thumbnail\" alt=\"\" \/><\/a>\n\t\t\t<\/dt><\/dl><dl class='gallery-item'>\n\t\t\t<dt class='gallery-icon landscape'>\n\t\t\t\t<a href='https:\/\/www.sudoestehoje.com.br\/novoportal\/2021\/08\/17\/itapetinga-vereador-helder-parabeniza-bandeira-do-colonia-pelos-seus-68-anos\/bandeira-4-2\/'><img loading=\"lazy\" decoding=\"async\" width=\"150\" height=\"150\" src=\"https:\/\/www.sudoestehoje.com.br\/novoportal\/wp-content\/uploads\/2021\/08\/bandeira-4-150x150.jpeg\" class=\"attachment-thumbnail size-thumbnail\" alt=\"\" \/><\/a>\n\t\t\t<\/dt><\/dl><dl class='gallery-item'>\n\t\t\t<dt class='gallery-icon landscape'>\n\t\t\t\t<a href='https:\/\/www.sudoestehoje.com.br\/novoportal\/2021\/08\/17\/itapetinga-vereador-helder-parabeniza-bandeira-do-colonia-pelos-seus-68-anos\/baideira-6\/'><img loading=\"lazy\" decoding=\"async\" width=\"150\" height=\"150\" src=\"https:\/\/www.sudoestehoje.com.br\/novoportal\/wp-content\/uploads\/2021\/08\/baideira-6-150x150.jpeg\" class=\"attachment-thumbnail size-thumbnail\" alt=\"\" \/><\/a>\n\t\t\t<\/dt><\/dl><br style=\"clear: both\" \/><dl class='gallery-item'>\n\t\t\t<dt class='gallery-icon landscape'>\n\t\t\t\t<a href='https:\/\/www.sudoestehoje.com.br\/novoportal\/2021\/08\/17\/itapetinga-vereador-helder-parabeniza-bandeira-do-colonia-pelos-seus-68-anos\/bandeira-7\/'><img loading=\"lazy\" decoding=\"async\" width=\"150\" height=\"150\" src=\"https:\/\/www.sudoestehoje.com.br\/novoportal\/wp-content\/uploads\/2021\/08\/bandeira-7-150x150.jpeg\" class=\"attachment-thumbnail size-thumbnail\" alt=\"\" \/><\/a>\n\t\t\t<\/dt><\/dl><dl class='gallery-item'>\n\t\t\t<dt class='gallery-icon landscape'>\n\t\t\t\t<a href='https:\/\/www.sudoestehoje.com.br\/novoportal\/2021\/08\/17\/itapetinga-vereador-helder-parabeniza-bandeira-do-colonia-pelos-seus-68-anos\/bandeira-8\/'><img loading=\"lazy\" decoding=\"async\" width=\"150\" height=\"150\" src=\"https:\/\/www.sudoestehoje.com.br\/novoportal\/wp-content\/uploads\/2021\/08\/bandeira-8-150x150.jpg\" class=\"attachment-thumbnail size-thumbnail\" alt=\"\" \/><\/a>\n\t\t\t<\/dt><\/dl><dl class='gallery-item'>\n\t\t\t<dt class='gallery-icon landscape'>\n\t\t\t\t<a href='https:\/\/www.sudoestehoje.com.br\/novoportal\/2021\/08\/17\/itapetinga-vereador-helder-parabeniza-bandeira-do-colonia-pelos-seus-68-anos\/bandeira-igreja\/'><img loading=\"lazy\" decoding=\"async\" width=\"150\" height=\"150\" src=\"https:\/\/www.sudoestehoje.com.br\/novoportal\/wp-content\/uploads\/2021\/08\/bandeira-igreja-150x150.jpeg\" class=\"attachment-thumbnail size-thumbnail\" alt=\"\" \/><\/a>\n\t\t\t<\/dt><\/dl><br style=\"clear: both\" \/>\n\t\t<\/div>\n\n","protected":false},"excerpt":{"rendered":"<p>Neste dia 17 de agosto de 2021, Bandeira do Col\u00f4nia completa 68 anos de muita hist\u00f3ria e alguns feitos importantes ao longo da sua hist\u00f3ria, que contribu\u00edram\u00a0 para seu amadurecimento. Lugar de um povo batalhador e sempre disposto ao seu desenvolvimento, n\u00e3o h\u00e1 como deixar passar em branco este feito. Ao longo de sua hist\u00f3ria, [&hellip;]<\/p>\n","protected":false},"author":2,"featured_media":96434,"comment_status":"open","ping_status":"open","sticky":false,"template":"","format":"standard","meta":{"footnotes":"","_links_to":"","_links_to_target":""},"categories":[1],"tags":[],"class_list":["post-96433","post","type-post","status-publish","format-standard","has-post-thumbnail","hentry","category-geral"],"views":1238,"_links":{"self":[{"href":"https:\/\/www.sudoestehoje.com.br\/novoportal\/wp-json\/wp\/v2\/posts\/96433","targetHints":{"allow":["GET"]}}],"collection":[{"href":"https:\/\/www.sudoestehoje.com.br\/novoportal\/wp-json\/wp\/v2\/posts"}],"about":[{"href":"https:\/\/www.sudoestehoje.com.br\/novoportal\/wp-json\/wp\/v2\/types\/post"}],"author":[{"embeddable":true,"href":"https:\/\/www.sudoestehoje.com.br\/novoportal\/wp-json\/wp\/v2\/users\/2"}],"replies":[{"embeddable":true,"href":"https:\/\/www.sudoestehoje.com.br\/novoportal\/wp-json\/wp\/v2\/comments?post=96433"}],"version-history":[{"count":3,"href":"https:\/\/www.sudoestehoje.com.br\/novoportal\/wp-json\/wp\/v2\/posts\/96433\/revisions"}],"predecessor-version":[{"id":96446,"href":"https:\/\/www.sudoestehoje.com.br\/novoportal\/wp-json\/wp\/v2\/posts\/96433\/revisions\/96446"}],"wp:featuredmedia":[{"embeddable":true,"href":"https:\/\/www.sudoestehoje.com.br\/novoportal\/wp-json\/wp\/v2\/media\/96434"}],"wp:attachment":[{"href":"https:\/\/www.sudoestehoje.com.br\/novoportal\/wp-json\/wp\/v2\/media?parent=96433"}],"wp:term":[{"taxonomy":"category","embeddable":true,"href":"https:\/\/www.sudoestehoje.com.br\/novoportal\/wp-json\/wp\/v2\/categories?post=96433"},{"taxonomy":"post_tag","embeddable":true,"href":"https:\/\/www.sudoestehoje.com.br\/novoportal\/wp-json\/wp\/v2\/tags?post=96433"}],"curies":[{"name":"wp","href":"https:\/\/api.w.org\/{rel}","templated":true}]}}