
{"id":96428,"date":"2021-08-16T11:35:07","date_gmt":"2021-08-16T14:35:07","guid":{"rendered":"https:\/\/www.sudoestehoje.com.br\/novoportal\/?p=96428"},"modified":"2021-08-16T11:35:07","modified_gmt":"2021-08-16T14:35:07","slug":"assai-podera-pagar-multa-de-r-870-mil-apos-homem-ter-que-se-despir-para-negar-furto","status":"publish","type":"post","link":"https:\/\/www.sudoestehoje.com.br\/novoportal\/2021\/08\/16\/assai-podera-pagar-multa-de-r-870-mil-apos-homem-ter-que-se-despir-para-negar-furto\/","title":{"rendered":"ASSA\u00cd PODER\u00c1 PAGAR MULTA DE R$ 870 MIL AP\u00d3S HOMEM TER QUE SE DESPIR PARA NEGAR FURTO"},"content":{"rendered":"<p><a href=\"https:\/\/www.sudoestehoje.com.br\/novoportal\/wp-content\/uploads\/2021\/08\/ASSA\u00cd.jpg\"><img loading=\"lazy\" decoding=\"async\" class=\"aligncenter size-medium wp-image-96431\" src=\"https:\/\/www.sudoestehoje.com.br\/novoportal\/wp-content\/uploads\/2021\/08\/ASSA\u00cd-500x320.jpg\" alt=\"\" width=\"500\" height=\"320\" srcset=\"https:\/\/www.sudoestehoje.com.br\/novoportal\/wp-content\/uploads\/2021\/08\/ASSA\u00cd-500x320.jpg 500w, https:\/\/www.sudoestehoje.com.br\/novoportal\/wp-content\/uploads\/2021\/08\/ASSA\u00cd-700x448.jpg 700w, https:\/\/www.sudoestehoje.com.br\/novoportal\/wp-content\/uploads\/2021\/08\/ASSA\u00cd-768x491.jpg 768w, https:\/\/www.sudoestehoje.com.br\/novoportal\/wp-content\/uploads\/2021\/08\/ASSA\u00cd.jpg 860w\" sizes=\"auto, (max-width: 500px) 100vw, 500px\" \/><\/a><\/p>\n<p>A rede Assa\u00ed Atacadista poder\u00e1 ter de pagar multa de R$ 870 mil ap\u00f3s funcion\u00e1rios obrigarem um homem negro a se despir para provocar que n\u00e3o furtou nada de uma unidade localizada em Limeira (SP).<\/p>\n<p>Uma audi\u00eancia de concilia\u00e7\u00e3o entre a rede e o ajudante geral Luiz Carlos da Silva est\u00e1 prevista para ser mediada pela Secretaria da Justi\u00e7a e Cidadania de S\u00e3o Paulo. Isso porque uma lei estadual concede \u00e0\u00a0pasta o direito de abrir processos administrativos contra pr\u00e1ticas de discrimina\u00e7\u00e3o racial e de aplicar puni\u00e7\u00f5es a pessoas f\u00edsicas e jur\u00eddicas<\/p>\n<p>Al\u00e9m da multa, a Assa\u00ed pode ainda receber advert\u00eancia ou mesmo ter sua licen\u00e7a estadual cassada. \u201cQuando tomamos conhecimento do caso, imediatamente instauramos o processo administrativo\u201d, disse o secret\u00e1rio da Justi\u00e7a de SP, Fernando Jos\u00e9 da Costa, segundo a coluna M\u00f4nica Bergamo, da Folha de S.Paulo.<\/p>\n<p>A pasta j\u00e1 contatou a defesa de Luiz Carlos da Silva solicitando uma data para a realiza\u00e7\u00e3o da audi\u00eancia de media\u00e7\u00e3o, que ser\u00e1 presidida pelo Tribunal de Justi\u00e7a de SP. O processo administrativo aberto pelo estado corre paralelamente ao criminal.<\/p>\n","protected":false},"excerpt":{"rendered":"<p>A rede Assa\u00ed Atacadista poder\u00e1 ter de pagar multa de R$ 870 mil ap\u00f3s funcion\u00e1rios obrigarem um homem negro a se despir para provocar que n\u00e3o furtou nada de uma unidade localizada em Limeira (SP). Uma audi\u00eancia de concilia\u00e7\u00e3o entre a rede e o ajudante geral Luiz Carlos da Silva est\u00e1 prevista para ser mediada [&hellip;]<\/p>\n","protected":false},"author":2,"featured_media":96431,"comment_status":"open","ping_status":"open","sticky":false,"template":"","format":"standard","meta":{"footnotes":"","_links_to":"","_links_to_target":""},"categories":[1],"tags":[],"class_list":["post-96428","post","type-post","status-publish","format-standard","has-post-thumbnail","hentry","category-geral"],"views":1072,"_links":{"self":[{"href":"https:\/\/www.sudoestehoje.com.br\/novoportal\/wp-json\/wp\/v2\/posts\/96428","targetHints":{"allow":["GET"]}}],"collection":[{"href":"https:\/\/www.sudoestehoje.com.br\/novoportal\/wp-json\/wp\/v2\/posts"}],"about":[{"href":"https:\/\/www.sudoestehoje.com.br\/novoportal\/wp-json\/wp\/v2\/types\/post"}],"author":[{"embeddable":true,"href":"https:\/\/www.sudoestehoje.com.br\/novoportal\/wp-json\/wp\/v2\/users\/2"}],"replies":[{"embeddable":true,"href":"https:\/\/www.sudoestehoje.com.br\/novoportal\/wp-json\/wp\/v2\/comments?post=96428"}],"version-history":[{"count":3,"href":"https:\/\/www.sudoestehoje.com.br\/novoportal\/wp-json\/wp\/v2\/posts\/96428\/revisions"}],"predecessor-version":[{"id":96432,"href":"https:\/\/www.sudoestehoje.com.br\/novoportal\/wp-json\/wp\/v2\/posts\/96428\/revisions\/96432"}],"wp:featuredmedia":[{"embeddable":true,"href":"https:\/\/www.sudoestehoje.com.br\/novoportal\/wp-json\/wp\/v2\/media\/96431"}],"wp:attachment":[{"href":"https:\/\/www.sudoestehoje.com.br\/novoportal\/wp-json\/wp\/v2\/media?parent=96428"}],"wp:term":[{"taxonomy":"category","embeddable":true,"href":"https:\/\/www.sudoestehoje.com.br\/novoportal\/wp-json\/wp\/v2\/categories?post=96428"},{"taxonomy":"post_tag","embeddable":true,"href":"https:\/\/www.sudoestehoje.com.br\/novoportal\/wp-json\/wp\/v2\/tags?post=96428"}],"curies":[{"name":"wp","href":"https:\/\/api.w.org\/{rel}","templated":true}]}}