
{"id":96423,"date":"2021-08-16T08:45:00","date_gmt":"2021-08-16T11:45:00","guid":{"rendered":"https:\/\/www.sudoestehoje.com.br\/novoportal\/?p=96423"},"modified":"2021-08-16T08:46:59","modified_gmt":"2021-08-16T11:46:59","slug":"morre-o-marqueteiro-duda-mendonca-inventor-do-lulinha-paz-e-amor","status":"publish","type":"post","link":"https:\/\/www.sudoestehoje.com.br\/novoportal\/2021\/08\/16\/morre-o-marqueteiro-duda-mendonca-inventor-do-lulinha-paz-e-amor\/","title":{"rendered":"MORRE O MARQUETEIRO DUDA MENDON\u00c7A, INVENTOR DO &#8220;LULINHA PAZ E AMOR&#8221;"},"content":{"rendered":"<div class=\"o9v6fnle cxmmr5t8 oygrvhab hcukyx3x c1et5uql ii04i59q\">\n<div dir=\"auto\"><a href=\"https:\/\/www.sudoestehoje.com.br\/novoportal\/wp-content\/uploads\/2021\/08\/duda.jpg\"><img loading=\"lazy\" decoding=\"async\" class=\"aligncenter size-medium wp-image-96425\" src=\"https:\/\/www.sudoestehoje.com.br\/novoportal\/wp-content\/uploads\/2021\/08\/duda-500x350.jpg\" alt=\"\" width=\"500\" height=\"350\" srcset=\"https:\/\/www.sudoestehoje.com.br\/novoportal\/wp-content\/uploads\/2021\/08\/duda-500x350.jpg 500w, https:\/\/www.sudoestehoje.com.br\/novoportal\/wp-content\/uploads\/2021\/08\/duda-700x490.jpg 700w, https:\/\/www.sudoestehoje.com.br\/novoportal\/wp-content\/uploads\/2021\/08\/duda-768x538.jpg 768w, https:\/\/www.sudoestehoje.com.br\/novoportal\/wp-content\/uploads\/2021\/08\/duda.jpg 1000w\" sizes=\"auto, (max-width: 500px) 100vw, 500px\" \/><\/a><\/div>\n<div dir=\"auto\">O publicit\u00e1rio baiano Duda Mendon\u00e7a, conhecido pelas campanhas presidenciais de Lula, morreu nesta segunda-feira (16). Ele tinha 77 anos e recentemente havia sido diagnosticado com um tumor cerebral. O inventor do &#8220;Lulinha Paz &amp; Amor&#8221; esteve internado no hospital S\u00edrio Liban\u00eas, em S\u00e3o Paulo. Ele tamb\u00e9m chegou a pegar covid-19 e teve de ser intubado.<\/div>\n<div dir=\"auto\"><\/div>\n<\/div>\n","protected":false},"excerpt":{"rendered":"<p>O publicit\u00e1rio baiano Duda Mendon\u00e7a, conhecido pelas campanhas presidenciais de Lula, morreu nesta segunda-feira (16). Ele tinha 77 anos e recentemente havia sido diagnosticado com um tumor cerebral. O inventor do &#8220;Lulinha Paz &amp; Amor&#8221; esteve internado no hospital S\u00edrio Liban\u00eas, em S\u00e3o Paulo. Ele tamb\u00e9m chegou a pegar covid-19 e teve de ser intubado.<\/p>\n","protected":false},"author":2,"featured_media":96425,"comment_status":"open","ping_status":"open","sticky":false,"template":"","format":"standard","meta":{"footnotes":"","_links_to":"","_links_to_target":""},"categories":[1],"tags":[],"class_list":["post-96423","post","type-post","status-publish","format-standard","has-post-thumbnail","hentry","category-geral"],"views":1032,"_links":{"self":[{"href":"https:\/\/www.sudoestehoje.com.br\/novoportal\/wp-json\/wp\/v2\/posts\/96423","targetHints":{"allow":["GET"]}}],"collection":[{"href":"https:\/\/www.sudoestehoje.com.br\/novoportal\/wp-json\/wp\/v2\/posts"}],"about":[{"href":"https:\/\/www.sudoestehoje.com.br\/novoportal\/wp-json\/wp\/v2\/types\/post"}],"author":[{"embeddable":true,"href":"https:\/\/www.sudoestehoje.com.br\/novoportal\/wp-json\/wp\/v2\/users\/2"}],"replies":[{"embeddable":true,"href":"https:\/\/www.sudoestehoje.com.br\/novoportal\/wp-json\/wp\/v2\/comments?post=96423"}],"version-history":[{"count":2,"href":"https:\/\/www.sudoestehoje.com.br\/novoportal\/wp-json\/wp\/v2\/posts\/96423\/revisions"}],"predecessor-version":[{"id":96427,"href":"https:\/\/www.sudoestehoje.com.br\/novoportal\/wp-json\/wp\/v2\/posts\/96423\/revisions\/96427"}],"wp:featuredmedia":[{"embeddable":true,"href":"https:\/\/www.sudoestehoje.com.br\/novoportal\/wp-json\/wp\/v2\/media\/96425"}],"wp:attachment":[{"href":"https:\/\/www.sudoestehoje.com.br\/novoportal\/wp-json\/wp\/v2\/media?parent=96423"}],"wp:term":[{"taxonomy":"category","embeddable":true,"href":"https:\/\/www.sudoestehoje.com.br\/novoportal\/wp-json\/wp\/v2\/categories?post=96423"},{"taxonomy":"post_tag","embeddable":true,"href":"https:\/\/www.sudoestehoje.com.br\/novoportal\/wp-json\/wp\/v2\/tags?post=96423"}],"curies":[{"name":"wp","href":"https:\/\/api.w.org\/{rel}","templated":true}]}}