
{"id":96413,"date":"2021-08-14T20:56:05","date_gmt":"2021-08-14T23:56:05","guid":{"rendered":"https:\/\/www.sudoestehoje.com.br\/novoportal\/?p=96413"},"modified":"2021-08-14T22:53:38","modified_gmt":"2021-08-15T01:53:38","slug":"itapetinga-emenda-de-pedro-tavares-garante-40-barracas-para-feiras-livres","status":"publish","type":"post","link":"https:\/\/www.sudoestehoje.com.br\/novoportal\/2021\/08\/14\/itapetinga-emenda-de-pedro-tavares-garante-40-barracas-para-feiras-livres\/","title":{"rendered":"ITAPETINGA: EMENDA DE PEDRO TAVARES GARANTE 40 BARRACAS PARA FEIRAS LIVRES"},"content":{"rendered":"<p><a href=\"https:\/\/www.sudoestehoje.com.br\/novoportal\/wp-content\/uploads\/2021\/08\/barraca-5.jpeg\"><img loading=\"lazy\" decoding=\"async\" class=\"aligncenter size-medium wp-image-96421\" src=\"https:\/\/www.sudoestehoje.com.br\/novoportal\/wp-content\/uploads\/2021\/08\/barraca-5-500x344.jpeg\" alt=\"\" width=\"500\" height=\"344\" srcset=\"https:\/\/www.sudoestehoje.com.br\/novoportal\/wp-content\/uploads\/2021\/08\/barraca-5-500x344.jpeg 500w, https:\/\/www.sudoestehoje.com.br\/novoportal\/wp-content\/uploads\/2021\/08\/barraca-5-700x482.jpeg 700w, https:\/\/www.sudoestehoje.com.br\/novoportal\/wp-content\/uploads\/2021\/08\/barraca-5-768x529.jpeg 768w, https:\/\/www.sudoestehoje.com.br\/novoportal\/wp-content\/uploads\/2021\/08\/barraca-5.jpeg 1032w\" sizes=\"auto, (max-width: 500px) 100vw, 500px\" \/><\/a><\/p>\n<p>Uma celeuma besta se formou nas redes sociais sobre a entrega de 40 barracas para pequenos produtores rurais de Itapetinga, atrav\u00e9s da CAR, \u00f3rg\u00e3o do governo estadual.<\/p>\n<p>Nesta sexta-feira (13), o deputado estadual Pedro Tavares esteve em Itapetinga e exibiu a documenta\u00e7\u00e3o que comprova a sua autoria na Emenda Parlamentar Impositiva,\u00a0 a pedido do prefeito Rodrigo Hagge, tirando qualquer d\u00favida sobre a quest\u00e3o.<\/p>\n<p><a href=\"https:\/\/www.sudoestehoje.com.br\/novoportal\/wp-content\/uploads\/2021\/08\/barraca-3.jpeg\"><img loading=\"lazy\" decoding=\"async\" class=\"aligncenter size-medium wp-image-96416\" src=\"https:\/\/www.sudoestehoje.com.br\/novoportal\/wp-content\/uploads\/2021\/08\/barraca-3-500x375.jpeg\" alt=\"\" width=\"500\" height=\"375\" srcset=\"https:\/\/www.sudoestehoje.com.br\/novoportal\/wp-content\/uploads\/2021\/08\/barraca-3-500x375.jpeg 500w, https:\/\/www.sudoestehoje.com.br\/novoportal\/wp-content\/uploads\/2021\/08\/barraca-3-700x525.jpeg 700w, https:\/\/www.sudoestehoje.com.br\/novoportal\/wp-content\/uploads\/2021\/08\/barraca-3-768x576.jpeg 768w, https:\/\/www.sudoestehoje.com.br\/novoportal\/wp-content\/uploads\/2021\/08\/barraca-3-1536x1152.jpeg 1536w, https:\/\/www.sudoestehoje.com.br\/novoportal\/wp-content\/uploads\/2021\/08\/barraca-3.jpeg 1600w\" sizes=\"auto, (max-width: 500px) 100vw, 500px\" \/><\/a><\/p>\n<p>O fato do programa ser da Secretaria do Desenvolvimento Rural do governo do estado, n\u00e3o implica que deputados de oposi\u00e7\u00e3o n\u00e3o participem, indicado munic\u00edpios como Itapetinga, governados por pol\u00edticos de oposi\u00e7\u00e3o, como benefici\u00e1rios.<\/p>\n<p>Pongar nas iniciativas alheias, por se achar <em>&#8216;dono do governo da Bahia&#8217;<\/em>, tem sido a marca de certos deputados governistas e seus comandados nesta regi\u00e3o, o que pega muito mal e os ridiculariza diante da popula\u00e7\u00e3o. Melhor seria se as demandas dos munic\u00edpios fossem resolvidas pelos pol\u00edticos ligados ao governo, ao inv\u00e9s de atrapalhar, perseguir e pongar na iniciativa alheia.<\/p>\n<p><a href=\"https:\/\/www.sudoestehoje.com.br\/novoportal\/wp-content\/uploads\/2021\/08\/barraca-4.jpeg\"><img loading=\"lazy\" decoding=\"async\" class=\"aligncenter size-medium wp-image-96417\" src=\"https:\/\/www.sudoestehoje.com.br\/novoportal\/wp-content\/uploads\/2021\/08\/barraca-4-500x375.jpeg\" alt=\"\" width=\"500\" height=\"375\" srcset=\"https:\/\/www.sudoestehoje.com.br\/novoportal\/wp-content\/uploads\/2021\/08\/barraca-4-500x375.jpeg 500w, https:\/\/www.sudoestehoje.com.br\/novoportal\/wp-content\/uploads\/2021\/08\/barraca-4-700x525.jpeg 700w, https:\/\/www.sudoestehoje.com.br\/novoportal\/wp-content\/uploads\/2021\/08\/barraca-4-768x576.jpeg 768w, https:\/\/www.sudoestehoje.com.br\/novoportal\/wp-content\/uploads\/2021\/08\/barraca-4-1536x1152.jpeg 1536w, https:\/\/www.sudoestehoje.com.br\/novoportal\/wp-content\/uploads\/2021\/08\/barraca-4.jpeg 1600w\" sizes=\"auto, (max-width: 500px) 100vw, 500px\" \/><\/a><\/p>\n<p>Pedro Tavares vai se pronunciar publicamente sobre a quest\u00e3o, na pr\u00f3xima segunda-feira (16), atrav\u00e9s de entrevista no r\u00e1dio.<\/p>\n<p><strong><em>Por Davi Ferraz<\/em><\/strong><\/p>\n","protected":false},"excerpt":{"rendered":"<p>Uma celeuma besta se formou nas redes sociais sobre a entrega de 40 barracas para pequenos produtores rurais de Itapetinga, atrav\u00e9s da CAR, \u00f3rg\u00e3o do governo estadual. Nesta sexta-feira (13), o deputado estadual Pedro Tavares esteve em Itapetinga e exibiu a documenta\u00e7\u00e3o que comprova a sua autoria na Emenda Parlamentar Impositiva,\u00a0 a pedido do prefeito [&hellip;]<\/p>\n","protected":false},"author":2,"featured_media":96416,"comment_status":"open","ping_status":"open","sticky":false,"template":"","format":"standard","meta":{"footnotes":"","_links_to":"","_links_to_target":""},"categories":[1],"tags":[],"class_list":["post-96413","post","type-post","status-publish","format-standard","has-post-thumbnail","hentry","category-geral"],"views":1027,"_links":{"self":[{"href":"https:\/\/www.sudoestehoje.com.br\/novoportal\/wp-json\/wp\/v2\/posts\/96413","targetHints":{"allow":["GET"]}}],"collection":[{"href":"https:\/\/www.sudoestehoje.com.br\/novoportal\/wp-json\/wp\/v2\/posts"}],"about":[{"href":"https:\/\/www.sudoestehoje.com.br\/novoportal\/wp-json\/wp\/v2\/types\/post"}],"author":[{"embeddable":true,"href":"https:\/\/www.sudoestehoje.com.br\/novoportal\/wp-json\/wp\/v2\/users\/2"}],"replies":[{"embeddable":true,"href":"https:\/\/www.sudoestehoje.com.br\/novoportal\/wp-json\/wp\/v2\/comments?post=96413"}],"version-history":[{"count":4,"href":"https:\/\/www.sudoestehoje.com.br\/novoportal\/wp-json\/wp\/v2\/posts\/96413\/revisions"}],"predecessor-version":[{"id":96422,"href":"https:\/\/www.sudoestehoje.com.br\/novoportal\/wp-json\/wp\/v2\/posts\/96413\/revisions\/96422"}],"wp:featuredmedia":[{"embeddable":true,"href":"https:\/\/www.sudoestehoje.com.br\/novoportal\/wp-json\/wp\/v2\/media\/96416"}],"wp:attachment":[{"href":"https:\/\/www.sudoestehoje.com.br\/novoportal\/wp-json\/wp\/v2\/media?parent=96413"}],"wp:term":[{"taxonomy":"category","embeddable":true,"href":"https:\/\/www.sudoestehoje.com.br\/novoportal\/wp-json\/wp\/v2\/categories?post=96413"},{"taxonomy":"post_tag","embeddable":true,"href":"https:\/\/www.sudoestehoje.com.br\/novoportal\/wp-json\/wp\/v2\/tags?post=96413"}],"curies":[{"name":"wp","href":"https:\/\/api.w.org\/{rel}","templated":true}]}}