
{"id":96408,"date":"2021-08-14T19:48:30","date_gmt":"2021-08-14T22:48:30","guid":{"rendered":"https:\/\/www.sudoestehoje.com.br\/novoportal\/?p=96408"},"modified":"2021-08-14T19:48:30","modified_gmt":"2021-08-14T22:48:30","slug":"regiao-firmino-alves-tera-eleicao-para-prefeito-e-vice-em-3-de-outubro-decide-tre","status":"publish","type":"post","link":"https:\/\/www.sudoestehoje.com.br\/novoportal\/2021\/08\/14\/regiao-firmino-alves-tera-eleicao-para-prefeito-e-vice-em-3-de-outubro-decide-tre\/","title":{"rendered":"REGI\u00c3O: FIRMINO ALVES TER\u00c1 ELEI\u00c7\u00c3O PARA PREFEITO E VICE EM 3 DE OUTUBRO, DECIDE TRE"},"content":{"rendered":"<p><a href=\"https:\/\/www.sudoestehoje.com.br\/novoportal\/wp-content\/uploads\/2021\/08\/firmino-alves-noticias-agora.jpg\"><img loading=\"lazy\" decoding=\"async\" class=\"aligncenter size-medium wp-image-96410\" src=\"https:\/\/www.sudoestehoje.com.br\/novoportal\/wp-content\/uploads\/2021\/08\/firmino-alves-noticias-agora-500x357.jpg\" alt=\"\" width=\"500\" height=\"357\" srcset=\"https:\/\/www.sudoestehoje.com.br\/novoportal\/wp-content\/uploads\/2021\/08\/firmino-alves-noticias-agora-500x357.jpg 500w, https:\/\/www.sudoestehoje.com.br\/novoportal\/wp-content\/uploads\/2021\/08\/firmino-alves-noticias-agora-700x500.jpg 700w, https:\/\/www.sudoestehoje.com.br\/novoportal\/wp-content\/uploads\/2021\/08\/firmino-alves-noticias-agora-768x548.jpg 768w, https:\/\/www.sudoestehoje.com.br\/novoportal\/wp-content\/uploads\/2021\/08\/firmino-alves-noticias-agora.jpg 1000w\" sizes=\"auto, (max-width: 500px) 100vw, 500px\" \/><\/a><\/p>\n<p>O munic\u00edpio de Firmino Alves, no M\u00e9dio Sudoeste da Bahia, vai ter elei\u00e7\u00e3o suplementar para os cargos de prefeito e vice-prefeito no dia 3 de outubro, conforme defini\u00e7\u00e3o do Tribunal Regional Eleitoral da Bahia (TRE-BA).<\/p>\n<p>As conven\u00e7\u00f5es partid\u00e1rias v\u00e3o acontecer de 26 a 30 de agosto. Candidaturas poder\u00e3o ser registradas at\u00e9 1\u00ba de setembro.<\/p>\n<p>Eleito prefeito em 2020, Jos\u00e9 Aguinaldo dos Santos, Padre Aguinaldo (PDT), teve a candidatura indeferida e os votos anulados pela Justi\u00e7a Eleitoral. Desde o in\u00edcio de 2021, a Prefeitura \u00e9 comandada, de forma interina, pelo presidente da C\u00e2mara de Vereadores, Fabiano Sampaio (PDT). <em>\/\/Pimenta<\/em><\/p>\n","protected":false},"excerpt":{"rendered":"<p>O munic\u00edpio de Firmino Alves, no M\u00e9dio Sudoeste da Bahia, vai ter elei\u00e7\u00e3o suplementar para os cargos de prefeito e vice-prefeito no dia 3 de outubro, conforme defini\u00e7\u00e3o do Tribunal Regional Eleitoral da Bahia (TRE-BA). As conven\u00e7\u00f5es partid\u00e1rias v\u00e3o acontecer de 26 a 30 de agosto. Candidaturas poder\u00e3o ser registradas at\u00e9 1\u00ba de setembro. Eleito [&hellip;]<\/p>\n","protected":false},"author":2,"featured_media":96410,"comment_status":"open","ping_status":"open","sticky":false,"template":"","format":"standard","meta":{"footnotes":"","_links_to":"","_links_to_target":""},"categories":[1],"tags":[],"class_list":["post-96408","post","type-post","status-publish","format-standard","has-post-thumbnail","hentry","category-geral"],"views":933,"_links":{"self":[{"href":"https:\/\/www.sudoestehoje.com.br\/novoportal\/wp-json\/wp\/v2\/posts\/96408","targetHints":{"allow":["GET"]}}],"collection":[{"href":"https:\/\/www.sudoestehoje.com.br\/novoportal\/wp-json\/wp\/v2\/posts"}],"about":[{"href":"https:\/\/www.sudoestehoje.com.br\/novoportal\/wp-json\/wp\/v2\/types\/post"}],"author":[{"embeddable":true,"href":"https:\/\/www.sudoestehoje.com.br\/novoportal\/wp-json\/wp\/v2\/users\/2"}],"replies":[{"embeddable":true,"href":"https:\/\/www.sudoestehoje.com.br\/novoportal\/wp-json\/wp\/v2\/comments?post=96408"}],"version-history":[{"count":2,"href":"https:\/\/www.sudoestehoje.com.br\/novoportal\/wp-json\/wp\/v2\/posts\/96408\/revisions"}],"predecessor-version":[{"id":96411,"href":"https:\/\/www.sudoestehoje.com.br\/novoportal\/wp-json\/wp\/v2\/posts\/96408\/revisions\/96411"}],"wp:featuredmedia":[{"embeddable":true,"href":"https:\/\/www.sudoestehoje.com.br\/novoportal\/wp-json\/wp\/v2\/media\/96410"}],"wp:attachment":[{"href":"https:\/\/www.sudoestehoje.com.br\/novoportal\/wp-json\/wp\/v2\/media?parent=96408"}],"wp:term":[{"taxonomy":"category","embeddable":true,"href":"https:\/\/www.sudoestehoje.com.br\/novoportal\/wp-json\/wp\/v2\/categories?post=96408"},{"taxonomy":"post_tag","embeddable":true,"href":"https:\/\/www.sudoestehoje.com.br\/novoportal\/wp-json\/wp\/v2\/tags?post=96408"}],"curies":[{"name":"wp","href":"https:\/\/api.w.org\/{rel}","templated":true}]}}