
{"id":96403,"date":"2021-08-14T19:12:29","date_gmt":"2021-08-14T22:12:29","guid":{"rendered":"https:\/\/www.sudoestehoje.com.br\/novoportal\/?p=96403"},"modified":"2021-08-14T19:12:29","modified_gmt":"2021-08-14T22:12:29","slug":"itapetinga-deputado-do-dem-garante-verba-para-recuperar-avenida-julio-rodrigues","status":"publish","type":"post","link":"https:\/\/www.sudoestehoje.com.br\/novoportal\/2021\/08\/14\/itapetinga-deputado-do-dem-garante-verba-para-recuperar-avenida-julio-rodrigues\/","title":{"rendered":"ITAPETINGA: DEPUTADO DO DEM GARANTE VERBA PARA RECUPERAR AVENIDA J\u00daLIO RODRIGUES"},"content":{"rendered":"<p><a href=\"https:\/\/www.sudoestehoje.com.br\/novoportal\/wp-content\/uploads\/2021\/08\/julio-rodrigues-2.jpeg\"><img loading=\"lazy\" decoding=\"async\" class=\"aligncenter size-medium wp-image-96405\" src=\"https:\/\/www.sudoestehoje.com.br\/novoportal\/wp-content\/uploads\/2021\/08\/julio-rodrigues-2-500x375.jpeg\" alt=\"\" width=\"500\" height=\"375\" srcset=\"https:\/\/www.sudoestehoje.com.br\/novoportal\/wp-content\/uploads\/2021\/08\/julio-rodrigues-2-500x375.jpeg 500w, https:\/\/www.sudoestehoje.com.br\/novoportal\/wp-content\/uploads\/2021\/08\/julio-rodrigues-2-700x525.jpeg 700w, https:\/\/www.sudoestehoje.com.br\/novoportal\/wp-content\/uploads\/2021\/08\/julio-rodrigues-2-768x576.jpeg 768w, https:\/\/www.sudoestehoje.com.br\/novoportal\/wp-content\/uploads\/2021\/08\/julio-rodrigues-2-1536x1152.jpeg 1536w, https:\/\/www.sudoestehoje.com.br\/novoportal\/wp-content\/uploads\/2021\/08\/julio-rodrigues-2.jpeg 1600w\" sizes=\"auto, (max-width: 500px) 100vw, 500px\" \/><\/a><\/p>\n<p>O deputado federal <em><strong>Arthur Maia (DEM)<\/strong><\/em> deu entrevista hoje no programa de Z\u00e9 Elias, na R\u00e1dio Fascina\u00e7\u00e3o, e garantiu que o Governo Federal vai liberar verba para a recupera\u00e7\u00e3o da Avenida Julio Rodrigues, entre a Azaleia e a ponte da Rodovi\u00e1ria, atrav\u00e9s de uma Emenda Parlamentar de sua autoria.<\/p>\n<p>De acordo com o deputado, uma equipe de engenheiros vem a Itapetinga na primeira quinzena de setembro, para fazer levantamento topogr\u00e1fico, com previs\u00e3o de in\u00edcio das obras na segunda quinzena do mesmo m\u00eas.<\/p>\n<p>Apesar da via p\u00fablica ser de responsabilidade do estado, por se tratar de um dos acessos \u00e0 BA-263, o governador tem se recusado a concluir o servi\u00e7o mal feito que sequer terminou, por mera persegui\u00e7\u00e3o pol\u00edtica contra o prefeito Rodrigo Hagge (MDB), seu opositor.<\/p>\n<p>A obra \u00e9 relevante e deve ser inaugurada em 2022, ano eleitoral, com a presen\u00e7a maci\u00e7a de pol\u00edticos do DEM, inclusive ACM Neto, candidato a governador pela oposi\u00e7\u00e3o.<\/p>\n<p>Nessa, a turma do PT n\u00e3o vai poder pongar&#8230;<\/p>\n<p><strong><em>Por Davi Ferraz<\/em><\/strong><\/p>\n","protected":false},"excerpt":{"rendered":"<p>O deputado federal Arthur Maia (DEM) deu entrevista hoje no programa de Z\u00e9 Elias, na R\u00e1dio Fascina\u00e7\u00e3o, e garantiu que o Governo Federal vai liberar verba para a recupera\u00e7\u00e3o da Avenida Julio Rodrigues, entre a Azaleia e a ponte da Rodovi\u00e1ria, atrav\u00e9s de uma Emenda Parlamentar de sua autoria. De acordo com o deputado, uma [&hellip;]<\/p>\n","protected":false},"author":2,"featured_media":96405,"comment_status":"open","ping_status":"open","sticky":false,"template":"","format":"standard","meta":{"footnotes":"","_links_to":"","_links_to_target":""},"categories":[1],"tags":[],"class_list":["post-96403","post","type-post","status-publish","format-standard","has-post-thumbnail","hentry","category-geral"],"views":1017,"_links":{"self":[{"href":"https:\/\/www.sudoestehoje.com.br\/novoportal\/wp-json\/wp\/v2\/posts\/96403","targetHints":{"allow":["GET"]}}],"collection":[{"href":"https:\/\/www.sudoestehoje.com.br\/novoportal\/wp-json\/wp\/v2\/posts"}],"about":[{"href":"https:\/\/www.sudoestehoje.com.br\/novoportal\/wp-json\/wp\/v2\/types\/post"}],"author":[{"embeddable":true,"href":"https:\/\/www.sudoestehoje.com.br\/novoportal\/wp-json\/wp\/v2\/users\/2"}],"replies":[{"embeddable":true,"href":"https:\/\/www.sudoestehoje.com.br\/novoportal\/wp-json\/wp\/v2\/comments?post=96403"}],"version-history":[{"count":3,"href":"https:\/\/www.sudoestehoje.com.br\/novoportal\/wp-json\/wp\/v2\/posts\/96403\/revisions"}],"predecessor-version":[{"id":96407,"href":"https:\/\/www.sudoestehoje.com.br\/novoportal\/wp-json\/wp\/v2\/posts\/96403\/revisions\/96407"}],"wp:featuredmedia":[{"embeddable":true,"href":"https:\/\/www.sudoestehoje.com.br\/novoportal\/wp-json\/wp\/v2\/media\/96405"}],"wp:attachment":[{"href":"https:\/\/www.sudoestehoje.com.br\/novoportal\/wp-json\/wp\/v2\/media?parent=96403"}],"wp:term":[{"taxonomy":"category","embeddable":true,"href":"https:\/\/www.sudoestehoje.com.br\/novoportal\/wp-json\/wp\/v2\/categories?post=96403"},{"taxonomy":"post_tag","embeddable":true,"href":"https:\/\/www.sudoestehoje.com.br\/novoportal\/wp-json\/wp\/v2\/tags?post=96403"}],"curies":[{"name":"wp","href":"https:\/\/api.w.org\/{rel}","templated":true}]}}