
{"id":96352,"date":"2021-08-12T18:32:30","date_gmt":"2021-08-12T21:32:30","guid":{"rendered":"https:\/\/www.sudoestehoje.com.br\/novoportal\/?p=96352"},"modified":"2021-08-12T18:32:30","modified_gmt":"2021-08-12T21:32:30","slug":"itapetinga-prefeitura-oferece-apoio-logistico-a-eventos-que-promovem-o-agronegocio","status":"publish","type":"post","link":"https:\/\/www.sudoestehoje.com.br\/novoportal\/2021\/08\/12\/itapetinga-prefeitura-oferece-apoio-logistico-a-eventos-que-promovem-o-agronegocio\/","title":{"rendered":"ITAPETINGA: PREFEITURA OFERECE APOIO LOG\u00cdSTICO A EVENTOS QUE PROMOVEM O AGRONEG\u00d3CIO"},"content":{"rendered":"<p><a href=\"https:\/\/www.sudoestehoje.com.br\/novoportal\/wp-content\/uploads\/2021\/08\/ESTRADAS-RURAIS.jpeg\"><img loading=\"lazy\" decoding=\"async\" class=\"aligncenter size-medium wp-image-96354\" src=\"https:\/\/www.sudoestehoje.com.br\/novoportal\/wp-content\/uploads\/2021\/08\/ESTRADAS-RURAIS-500x375.jpeg\" alt=\"\" width=\"500\" height=\"375\" srcset=\"https:\/\/www.sudoestehoje.com.br\/novoportal\/wp-content\/uploads\/2021\/08\/ESTRADAS-RURAIS-500x375.jpeg 500w, https:\/\/www.sudoestehoje.com.br\/novoportal\/wp-content\/uploads\/2021\/08\/ESTRADAS-RURAIS-700x525.jpeg 700w, https:\/\/www.sudoestehoje.com.br\/novoportal\/wp-content\/uploads\/2021\/08\/ESTRADAS-RURAIS-768x576.jpeg 768w, https:\/\/www.sudoestehoje.com.br\/novoportal\/wp-content\/uploads\/2021\/08\/ESTRADAS-RURAIS.jpeg 990w\" sizes=\"auto, (max-width: 500px) 100vw, 500px\" \/><\/a><\/p>\n<p>A prefeitura de Itapetinga tem trabalhado diuturnamente para a melhoria das estradas vicinais que cortam o munic\u00edpio. Apenas neste ano, o munic\u00edpio realizou manuten\u00e7\u00e3o nos ramais de Palmares pelo Cavalo Preto, Palmares x Pau Brasil at\u00e9 a divisa, Palmares\/Goytacaz e Estrada do Barro Branco al\u00e9m dos ramais da cordilheira que leva ao col\u00e9gio Judite Garcia e trecho da estrada da Areada.<\/p>\n<p>Agora, a secretaria de transportes trabalha pr\u00f3ximo ao Rio Pardo, em estradas que ligam fazendas que sediar\u00e3o o evento Encontro e Debate de Criadores do Mangalarga Marchador, agendado para os dias 18, 19 e 20 de agosto.<br \/>\nProgramado h\u00e1 mais de um m\u00eas, o evento organizado pelos haras G\u00eanesis, Jalf e Saru\u00ea, promete movimentar o agroneg\u00f3cio da regi\u00e3o e atrair visitantes. Por isso, os organizadores solicitaram apoio log\u00edstico do munic\u00edpio nas vias que d\u00e3o acesso ao local.<\/p>\n<p>A manuten\u00e7\u00e3o de estradas vicinais tem sido uma constante nos \u00faltimos anos e visa oferecer conforto ao homem do campo, agilidade no escoamento da produ\u00e7\u00e3o agropecu\u00e1ria e seguran\u00e7a para aqueles que precisam transitar por essas vias.<\/p>\n<p>A agropecu\u00e1ria foi a base para forma\u00e7\u00e3o de Itapetinga e segue como grande impulsionador do seu desenvolvimento econ\u00f4mico.<\/p>\n","protected":false},"excerpt":{"rendered":"<p>A prefeitura de Itapetinga tem trabalhado diuturnamente para a melhoria das estradas vicinais que cortam o munic\u00edpio. Apenas neste ano, o munic\u00edpio realizou manuten\u00e7\u00e3o nos ramais de Palmares pelo Cavalo Preto, Palmares x Pau Brasil at\u00e9 a divisa, Palmares\/Goytacaz e Estrada do Barro Branco al\u00e9m dos ramais da cordilheira que leva ao col\u00e9gio Judite Garcia [&hellip;]<\/p>\n","protected":false},"author":2,"featured_media":96354,"comment_status":"open","ping_status":"open","sticky":false,"template":"","format":"standard","meta":{"footnotes":"","_links_to":"","_links_to_target":""},"categories":[1],"tags":[],"class_list":["post-96352","post","type-post","status-publish","format-standard","has-post-thumbnail","hentry","category-geral"],"views":1045,"_links":{"self":[{"href":"https:\/\/www.sudoestehoje.com.br\/novoportal\/wp-json\/wp\/v2\/posts\/96352","targetHints":{"allow":["GET"]}}],"collection":[{"href":"https:\/\/www.sudoestehoje.com.br\/novoportal\/wp-json\/wp\/v2\/posts"}],"about":[{"href":"https:\/\/www.sudoestehoje.com.br\/novoportal\/wp-json\/wp\/v2\/types\/post"}],"author":[{"embeddable":true,"href":"https:\/\/www.sudoestehoje.com.br\/novoportal\/wp-json\/wp\/v2\/users\/2"}],"replies":[{"embeddable":true,"href":"https:\/\/www.sudoestehoje.com.br\/novoportal\/wp-json\/wp\/v2\/comments?post=96352"}],"version-history":[{"count":2,"href":"https:\/\/www.sudoestehoje.com.br\/novoportal\/wp-json\/wp\/v2\/posts\/96352\/revisions"}],"predecessor-version":[{"id":96355,"href":"https:\/\/www.sudoestehoje.com.br\/novoportal\/wp-json\/wp\/v2\/posts\/96352\/revisions\/96355"}],"wp:featuredmedia":[{"embeddable":true,"href":"https:\/\/www.sudoestehoje.com.br\/novoportal\/wp-json\/wp\/v2\/media\/96354"}],"wp:attachment":[{"href":"https:\/\/www.sudoestehoje.com.br\/novoportal\/wp-json\/wp\/v2\/media?parent=96352"}],"wp:term":[{"taxonomy":"category","embeddable":true,"href":"https:\/\/www.sudoestehoje.com.br\/novoportal\/wp-json\/wp\/v2\/categories?post=96352"},{"taxonomy":"post_tag","embeddable":true,"href":"https:\/\/www.sudoestehoje.com.br\/novoportal\/wp-json\/wp\/v2\/tags?post=96352"}],"curies":[{"name":"wp","href":"https:\/\/api.w.org\/{rel}","templated":true}]}}