
{"id":96340,"date":"2021-08-11T23:55:35","date_gmt":"2021-08-12T02:55:35","guid":{"rendered":"https:\/\/www.sudoestehoje.com.br\/novoportal\/?p=96340"},"modified":"2021-08-12T00:16:59","modified_gmt":"2021-08-12T03:16:59","slug":"camara-federal-derruba-proposta-do-distritao-e-retorna-coligacoes","status":"publish","type":"post","link":"https:\/\/www.sudoestehoje.com.br\/novoportal\/2021\/08\/11\/camara-federal-derruba-proposta-do-distritao-e-retorna-coligacoes\/","title":{"rendered":"C\u00c2MARA FEDERAL DERRUBA PROPOSTA DO &#8216;DISTRIT\u00c3O&#8217; E RETORNA COLIGA\u00c7\u00d5ES"},"content":{"rendered":"<p><a href=\"https:\/\/www.sudoestehoje.com.br\/novoportal\/wp-content\/uploads\/2021\/08\/plenario-cong.jpg\"><img loading=\"lazy\" decoding=\"async\" class=\"aligncenter size-full wp-image-96345\" src=\"https:\/\/www.sudoestehoje.com.br\/novoportal\/wp-content\/uploads\/2021\/08\/plenario-cong.jpg\" alt=\"\" width=\"500\" height=\"261\" \/><\/a><\/p>\n<p>Na noite desta quarta-feira (11), a C\u00e2mara dos Deputados votou em primeiro turno o texto b\u00e1sico da PEC da Reforma Eleitoral, rejeitando a proposta do chamado &#8216;Distrit\u00e3o&#8217; para as elei\u00e7\u00f5es proporcionais e retornando as coliga\u00e7\u00f5es partid\u00e1rias para elei\u00e7\u00e3o de vereadores e deputados, extintas em 2017.<\/p>\n<p>A proposta aprovada foi objeto de acordo das lideran\u00e7as partid\u00e1rias, mas depende de uma segunda vota\u00e7\u00e3o na C\u00e2mara, antes de seguir para o Senado.<\/p>\n<p>Se aprovada at\u00e9 setembro, a Reforma Eleitoral valer\u00e1 para as pr\u00f3ximas elei\u00e7\u00f5es de 2022.<\/p>\n<p><strong><em>Por Davi Ferraz<\/em><\/strong><\/p>\n","protected":false},"excerpt":{"rendered":"<p>Na noite desta quarta-feira (11), a C\u00e2mara dos Deputados votou em primeiro turno o texto b\u00e1sico da PEC da Reforma Eleitoral, rejeitando a proposta do chamado &#8216;Distrit\u00e3o&#8217; para as elei\u00e7\u00f5es proporcionais e retornando as coliga\u00e7\u00f5es partid\u00e1rias para elei\u00e7\u00e3o de vereadores e deputados, extintas em 2017. A proposta aprovada foi objeto de acordo das lideran\u00e7as partid\u00e1rias, [&hellip;]<\/p>\n","protected":false},"author":2,"featured_media":96345,"comment_status":"open","ping_status":"open","sticky":false,"template":"","format":"standard","meta":{"footnotes":"","_links_to":"","_links_to_target":""},"categories":[1],"tags":[],"class_list":["post-96340","post","type-post","status-publish","format-standard","has-post-thumbnail","hentry","category-geral"],"views":926,"_links":{"self":[{"href":"https:\/\/www.sudoestehoje.com.br\/novoportal\/wp-json\/wp\/v2\/posts\/96340","targetHints":{"allow":["GET"]}}],"collection":[{"href":"https:\/\/www.sudoestehoje.com.br\/novoportal\/wp-json\/wp\/v2\/posts"}],"about":[{"href":"https:\/\/www.sudoestehoje.com.br\/novoportal\/wp-json\/wp\/v2\/types\/post"}],"author":[{"embeddable":true,"href":"https:\/\/www.sudoestehoje.com.br\/novoportal\/wp-json\/wp\/v2\/users\/2"}],"replies":[{"embeddable":true,"href":"https:\/\/www.sudoestehoje.com.br\/novoportal\/wp-json\/wp\/v2\/comments?post=96340"}],"version-history":[{"count":6,"href":"https:\/\/www.sudoestehoje.com.br\/novoportal\/wp-json\/wp\/v2\/posts\/96340\/revisions"}],"predecessor-version":[{"id":96347,"href":"https:\/\/www.sudoestehoje.com.br\/novoportal\/wp-json\/wp\/v2\/posts\/96340\/revisions\/96347"}],"wp:featuredmedia":[{"embeddable":true,"href":"https:\/\/www.sudoestehoje.com.br\/novoportal\/wp-json\/wp\/v2\/media\/96345"}],"wp:attachment":[{"href":"https:\/\/www.sudoestehoje.com.br\/novoportal\/wp-json\/wp\/v2\/media?parent=96340"}],"wp:term":[{"taxonomy":"category","embeddable":true,"href":"https:\/\/www.sudoestehoje.com.br\/novoportal\/wp-json\/wp\/v2\/categories?post=96340"},{"taxonomy":"post_tag","embeddable":true,"href":"https:\/\/www.sudoestehoje.com.br\/novoportal\/wp-json\/wp\/v2\/tags?post=96340"}],"curies":[{"name":"wp","href":"https:\/\/api.w.org\/{rel}","templated":true}]}}