
{"id":96322,"date":"2021-08-11T10:41:54","date_gmt":"2021-08-11T13:41:54","guid":{"rendered":"https:\/\/www.sudoestehoje.com.br\/novoportal\/?p=96322"},"modified":"2021-08-11T10:41:54","modified_gmt":"2021-08-11T13:41:54","slug":"parana-pesquisas-acm-neto-lidera-nova-pesquisa-para-governador-da-bahia","status":"publish","type":"post","link":"https:\/\/www.sudoestehoje.com.br\/novoportal\/2021\/08\/11\/parana-pesquisas-acm-neto-lidera-nova-pesquisa-para-governador-da-bahia\/","title":{"rendered":"PARAN\u00c1 PESQUISAS: ACM NETO LIDERA NOVA PESQUISA PARA GOVERNADOR DA BAHIA"},"content":{"rendered":"<p><a href=\"https:\/\/www.sudoestehoje.com.br\/novoportal\/wp-content\/uploads\/2021\/08\/NETO-E-WAG.jpg\"><img loading=\"lazy\" decoding=\"async\" class=\"aligncenter size-medium wp-image-96324\" src=\"https:\/\/www.sudoestehoje.com.br\/novoportal\/wp-content\/uploads\/2021\/08\/NETO-E-WAG-500x289.jpg\" alt=\"\" width=\"500\" height=\"289\" srcset=\"https:\/\/www.sudoestehoje.com.br\/novoportal\/wp-content\/uploads\/2021\/08\/NETO-E-WAG-500x289.jpg 500w, https:\/\/www.sudoestehoje.com.br\/novoportal\/wp-content\/uploads\/2021\/08\/NETO-E-WAG-700x404.jpg 700w, https:\/\/www.sudoestehoje.com.br\/novoportal\/wp-content\/uploads\/2021\/08\/NETO-E-WAG.jpg 750w\" sizes=\"auto, (max-width: 500px) 100vw, 500px\" \/><\/a><\/p>\n<p>Novo levantamento feito pelo Instituto Paran\u00e1 Pesquisas indica que o presidente nacional do DEM e ex-prefeito de Salvador, ACM Neto, lidera a corrida eleitoral para o governo da Bahia em 2022. A pesquisa foi realizada em parceria com o site Bahia Not\u00edcias.<\/p>\n<p><strong>Neto<\/strong> aparece com<strong> 50%<\/strong> das inten\u00e7\u00f5es de voto em um cen\u00e1rio com seis candidaturas e, com apenas tr\u00eas concorrentes, amplia essa margem para <strong>52,3%<\/strong>. O ex-governador <strong>Jaques Wagner (PT)<\/strong> aparece em segundo, oscilando entre <strong>24,1% e 25,4%<\/strong>, a depender do cen\u00e1rio.<\/p>\n<p>No primeiro cen\u00e1rio, com os nomes de ACM Neto, Jaques Wagner, Dra. Ra\u00edssa Soares (sem partido), Jo\u00e3o Roma (Republicanos), Marcos Mendes (PSOL) e Alexandre Aleluia (DEM), o ex-prefeito da capital tem 50% das inten\u00e7\u00f5es de voto. Wagner fica com 24,1%.<\/p>\n<p>Secret\u00e1ria de Sa\u00fade de Porto Seguro, <strong>Raissa Soares aparece em terceiro com 3,7%<\/strong> e o ministro da Cidadania, <strong>Jo\u00e3o Roma, teria 3%<\/strong> das inten\u00e7\u00f5es de voto.<\/p>\n<p>O ex-vereador de Salvador pelo PSOL ficaria com 1,3%, enquanto Alexandre Aleluia teria 1%. N\u00e3o souberam ou n\u00e3o responderam 5,2%, enquanto 11,7% disseram que n\u00e3o votariam em qualquer um dos candidatos ou optaria por voto em branco ou nulo.<\/p>\n<p>No cen\u00e1rio com tr\u00eas candidatos, o percentual de ACM Neto cresce 0,3% acima da margem de erro e Wagner oscila dentro dela. O ex-prefeito de Salvador atinge 52,3% e Wagner fica com 25,4%. Jo\u00e3o Roma tamb\u00e9m cresce e aparece como op\u00e7\u00e3o para 4,5%.<\/p>\n<p>O levantamento ouviu 2008 eleitores baianos em 186 munic\u00edpios entre os dias 4 e 7 de agosto. O Instituto Paran\u00e1 Pesquisas coletou os dados por meio de entrevistas telef\u00f4nicas. A pesquisa tem confian\u00e7a de 95% e margem de erro de dois pontos percentuais.<\/p>\n","protected":false},"excerpt":{"rendered":"<p>Novo levantamento feito pelo Instituto Paran\u00e1 Pesquisas indica que o presidente nacional do DEM e ex-prefeito de Salvador, ACM Neto, lidera a corrida eleitoral para o governo da Bahia em 2022. A pesquisa foi realizada em parceria com o site Bahia Not\u00edcias. Neto aparece com 50% das inten\u00e7\u00f5es de voto em um cen\u00e1rio com seis [&hellip;]<\/p>\n","protected":false},"author":2,"featured_media":96324,"comment_status":"open","ping_status":"open","sticky":false,"template":"","format":"standard","meta":{"footnotes":"","_links_to":"","_links_to_target":""},"categories":[1],"tags":[],"class_list":["post-96322","post","type-post","status-publish","format-standard","has-post-thumbnail","hentry","category-geral"],"views":1109,"_links":{"self":[{"href":"https:\/\/www.sudoestehoje.com.br\/novoportal\/wp-json\/wp\/v2\/posts\/96322","targetHints":{"allow":["GET"]}}],"collection":[{"href":"https:\/\/www.sudoestehoje.com.br\/novoportal\/wp-json\/wp\/v2\/posts"}],"about":[{"href":"https:\/\/www.sudoestehoje.com.br\/novoportal\/wp-json\/wp\/v2\/types\/post"}],"author":[{"embeddable":true,"href":"https:\/\/www.sudoestehoje.com.br\/novoportal\/wp-json\/wp\/v2\/users\/2"}],"replies":[{"embeddable":true,"href":"https:\/\/www.sudoestehoje.com.br\/novoportal\/wp-json\/wp\/v2\/comments?post=96322"}],"version-history":[{"count":3,"href":"https:\/\/www.sudoestehoje.com.br\/novoportal\/wp-json\/wp\/v2\/posts\/96322\/revisions"}],"predecessor-version":[{"id":96327,"href":"https:\/\/www.sudoestehoje.com.br\/novoportal\/wp-json\/wp\/v2\/posts\/96322\/revisions\/96327"}],"wp:featuredmedia":[{"embeddable":true,"href":"https:\/\/www.sudoestehoje.com.br\/novoportal\/wp-json\/wp\/v2\/media\/96324"}],"wp:attachment":[{"href":"https:\/\/www.sudoestehoje.com.br\/novoportal\/wp-json\/wp\/v2\/media?parent=96322"}],"wp:term":[{"taxonomy":"category","embeddable":true,"href":"https:\/\/www.sudoestehoje.com.br\/novoportal\/wp-json\/wp\/v2\/categories?post=96322"},{"taxonomy":"post_tag","embeddable":true,"href":"https:\/\/www.sudoestehoje.com.br\/novoportal\/wp-json\/wp\/v2\/tags?post=96322"}],"curies":[{"name":"wp","href":"https:\/\/api.w.org\/{rel}","templated":true}]}}