
{"id":96301,"date":"2021-08-10T21:06:56","date_gmt":"2021-08-11T00:06:56","guid":{"rendered":"https:\/\/www.sudoestehoje.com.br\/novoportal\/?p=96301"},"modified":"2021-08-10T21:09:18","modified_gmt":"2021-08-11T00:09:18","slug":"itapetinga-vereador-helder-de-bandeira-e-recebido-pelo-secretario-do-meio-ambiente","status":"publish","type":"post","link":"https:\/\/www.sudoestehoje.com.br\/novoportal\/2021\/08\/10\/itapetinga-vereador-helder-de-bandeira-e-recebido-pelo-secretario-do-meio-ambiente\/","title":{"rendered":"ITAPETINGA: VEREADOR HELDER DE BANDEIRA \u00c9 RECEBIDO PELO SECRET\u00c1RIO DO MEIO AMBIENTE"},"content":{"rendered":"<p><a href=\"https:\/\/www.sudoestehoje.com.br\/novoportal\/wp-content\/uploads\/2021\/08\/helder-matinha-1.jpeg\"><img loading=\"lazy\" decoding=\"async\" class=\"aligncenter size-medium wp-image-96303\" src=\"https:\/\/www.sudoestehoje.com.br\/novoportal\/wp-content\/uploads\/2021\/08\/helder-matinha-1-500x281.jpeg\" alt=\"\" width=\"500\" height=\"281\" srcset=\"https:\/\/www.sudoestehoje.com.br\/novoportal\/wp-content\/uploads\/2021\/08\/helder-matinha-1-500x281.jpeg 500w, https:\/\/www.sudoestehoje.com.br\/novoportal\/wp-content\/uploads\/2021\/08\/helder-matinha-1-700x394.jpeg 700w, https:\/\/www.sudoestehoje.com.br\/novoportal\/wp-content\/uploads\/2021\/08\/helder-matinha-1-768x432.jpeg 768w, https:\/\/www.sudoestehoje.com.br\/novoportal\/wp-content\/uploads\/2021\/08\/helder-matinha-1.jpeg 1280w\" sizes=\"auto, (max-width: 500px) 100vw, 500px\" \/><\/a><\/p>\n<p>Nesta ter\u00e7a-feira (10) o vereador H\u00e9lder de Bandeira visitou a Secretaria Municipal de Meio Ambiente de Itapetinga, onde foi bem recebido pelo respons\u00e1vel da pasta, o secret\u00e1rio F\u00e1bio Viana. O encontro foi no Zoomatinha, onde o vereador pode acompanhar a nova estrutura do Parque e verificar os trabalhos j\u00e1 realizados na atual gest\u00e3o.<\/p>\n<p>Sempre atuante e atento \u00e0s necessidades do munic\u00edpio, principalmente do distrito de Bandeira do Col\u00f4nia, H\u00e9lder levou algumas demandas ao secret\u00e1rio, como podas de \u00e1rvores nas pra\u00e7as e jardins, al\u00e9m da limpeza das margens do Rio Col\u00f4nia, que foram bem recebidas pelo secret\u00e1rio F\u00e1bio.<\/p>\n<p><a href=\"https:\/\/www.sudoestehoje.com.br\/novoportal\/wp-content\/uploads\/2021\/08\/helder-matinha-2.jpeg\"><img loading=\"lazy\" decoding=\"async\" class=\"aligncenter size-medium wp-image-96305\" src=\"https:\/\/www.sudoestehoje.com.br\/novoportal\/wp-content\/uploads\/2021\/08\/helder-matinha-2-500x281.jpeg\" alt=\"\" width=\"500\" height=\"281\" srcset=\"https:\/\/www.sudoestehoje.com.br\/novoportal\/wp-content\/uploads\/2021\/08\/helder-matinha-2-500x281.jpeg 500w, https:\/\/www.sudoestehoje.com.br\/novoportal\/wp-content\/uploads\/2021\/08\/helder-matinha-2-700x394.jpeg 700w, https:\/\/www.sudoestehoje.com.br\/novoportal\/wp-content\/uploads\/2021\/08\/helder-matinha-2-768x432.jpeg 768w, https:\/\/www.sudoestehoje.com.br\/novoportal\/wp-content\/uploads\/2021\/08\/helder-matinha-2.jpeg 1280w\" sizes=\"auto, (max-width: 500px) 100vw, 500px\" \/><\/a><\/p>\n<p>Helder reivindicou uma atua\u00e7\u00e3o mais frequente da Secretaria do Meio Ambiente, para realiza\u00e7\u00e3o de um trabalho mais frequente na localidade, visando a preserva\u00e7\u00e3o, defesa e o cuidado com as a\u00e7\u00f5es que promovam a educa\u00e7\u00e3o ambiental.<\/p>\n<p>O Vereador lembrou ao secret\u00e1rio F\u00e1bio, que cita com frequ\u00eancia em dias de Sess\u00e3o da C\u00e2mara, v\u00e1rias demandas da sua comunidade e acredita que com muito esfor\u00e7o e dedica\u00e7\u00e3o, ser\u00e3o todas realizadas, mas que entende que <em>&#8220;com o apoio do secretariado do munic\u00edpio o carro anda com maior velocidade e melhor desempenho&#8221;.<\/em><\/p>\n<p><a href=\"https:\/\/www.sudoestehoje.com.br\/novoportal\/wp-content\/uploads\/2021\/08\/helder-matinha-3.jpeg\"><img loading=\"lazy\" decoding=\"async\" class=\"aligncenter size-medium wp-image-96307\" src=\"https:\/\/www.sudoestehoje.com.br\/novoportal\/wp-content\/uploads\/2021\/08\/helder-matinha-3-500x281.jpeg\" alt=\"\" width=\"500\" height=\"281\" srcset=\"https:\/\/www.sudoestehoje.com.br\/novoportal\/wp-content\/uploads\/2021\/08\/helder-matinha-3-500x281.jpeg 500w, https:\/\/www.sudoestehoje.com.br\/novoportal\/wp-content\/uploads\/2021\/08\/helder-matinha-3-700x394.jpeg 700w, https:\/\/www.sudoestehoje.com.br\/novoportal\/wp-content\/uploads\/2021\/08\/helder-matinha-3-768x432.jpeg 768w, https:\/\/www.sudoestehoje.com.br\/novoportal\/wp-content\/uploads\/2021\/08\/helder-matinha-3.jpeg 1280w\" sizes=\"auto, (max-width: 500px) 100vw, 500px\" \/><\/a><\/p>\n<p>Por fim, o vereador H\u00e9lder de Bandeira fez as suas considera\u00e7\u00f5es: <em>\u201cObrigado F\u00e1bio Viana pela aten\u00e7\u00e3o e estarei sempre na busca di\u00e1ria daquilo que for melhor para o munic\u00edpio e em especial ao meu distrito de Bandeira do Col\u00f4nia pelo qual acompanho atento a todas reivindica\u00e7\u00f5es e buscarei o que for de melhor pra todos\u201d. \/\/Ascom<\/em><\/p>\n","protected":false},"excerpt":{"rendered":"<p>Nesta ter\u00e7a-feira (10) o vereador H\u00e9lder de Bandeira visitou a Secretaria Municipal de Meio Ambiente de Itapetinga, onde foi bem recebido pelo respons\u00e1vel da pasta, o secret\u00e1rio F\u00e1bio Viana. O encontro foi no Zoomatinha, onde o vereador pode acompanhar a nova estrutura do Parque e verificar os trabalhos j\u00e1 realizados na atual gest\u00e3o. Sempre atuante [&hellip;]<\/p>\n","protected":false},"author":2,"featured_media":96303,"comment_status":"open","ping_status":"open","sticky":false,"template":"","format":"standard","meta":{"footnotes":"","_links_to":"","_links_to_target":""},"categories":[1],"tags":[],"class_list":["post-96301","post","type-post","status-publish","format-standard","has-post-thumbnail","hentry","category-geral"],"views":1228,"_links":{"self":[{"href":"https:\/\/www.sudoestehoje.com.br\/novoportal\/wp-json\/wp\/v2\/posts\/96301","targetHints":{"allow":["GET"]}}],"collection":[{"href":"https:\/\/www.sudoestehoje.com.br\/novoportal\/wp-json\/wp\/v2\/posts"}],"about":[{"href":"https:\/\/www.sudoestehoje.com.br\/novoportal\/wp-json\/wp\/v2\/types\/post"}],"author":[{"embeddable":true,"href":"https:\/\/www.sudoestehoje.com.br\/novoportal\/wp-json\/wp\/v2\/users\/2"}],"replies":[{"embeddable":true,"href":"https:\/\/www.sudoestehoje.com.br\/novoportal\/wp-json\/wp\/v2\/comments?post=96301"}],"version-history":[{"count":4,"href":"https:\/\/www.sudoestehoje.com.br\/novoportal\/wp-json\/wp\/v2\/posts\/96301\/revisions"}],"predecessor-version":[{"id":96308,"href":"https:\/\/www.sudoestehoje.com.br\/novoportal\/wp-json\/wp\/v2\/posts\/96301\/revisions\/96308"}],"wp:featuredmedia":[{"embeddable":true,"href":"https:\/\/www.sudoestehoje.com.br\/novoportal\/wp-json\/wp\/v2\/media\/96303"}],"wp:attachment":[{"href":"https:\/\/www.sudoestehoje.com.br\/novoportal\/wp-json\/wp\/v2\/media?parent=96301"}],"wp:term":[{"taxonomy":"category","embeddable":true,"href":"https:\/\/www.sudoestehoje.com.br\/novoportal\/wp-json\/wp\/v2\/categories?post=96301"},{"taxonomy":"post_tag","embeddable":true,"href":"https:\/\/www.sudoestehoje.com.br\/novoportal\/wp-json\/wp\/v2\/tags?post=96301"}],"curies":[{"name":"wp","href":"https:\/\/api.w.org\/{rel}","templated":true}]}}