
{"id":96293,"date":"2021-08-10T20:23:39","date_gmt":"2021-08-10T23:23:39","guid":{"rendered":"https:\/\/www.sudoestehoje.com.br\/novoportal\/?p=96293"},"modified":"2021-08-10T20:27:47","modified_gmt":"2021-08-10T23:27:47","slug":"itapetinga-recebera-primeira-etapa-do-campeonato-baiano-de-canoagem","status":"publish","type":"post","link":"https:\/\/www.sudoestehoje.com.br\/novoportal\/2021\/08\/10\/itapetinga-recebera-primeira-etapa-do-campeonato-baiano-de-canoagem\/","title":{"rendered":"ITAPETINGA RECEBER\u00c1 PRIMEIRA ETAPA DO CAMPEONATO BAIANO DE CANOAGEM"},"content":{"rendered":"<p><a href=\"https:\/\/www.sudoestehoje.com.br\/novoportal\/wp-content\/uploads\/2021\/08\/CANOA-7.jpeg\"><img loading=\"lazy\" decoding=\"async\" class=\"aligncenter size-medium wp-image-96296\" src=\"https:\/\/www.sudoestehoje.com.br\/novoportal\/wp-content\/uploads\/2021\/08\/CANOA-7-500x333.jpeg\" alt=\"\" width=\"500\" height=\"333\" srcset=\"https:\/\/www.sudoestehoje.com.br\/novoportal\/wp-content\/uploads\/2021\/08\/CANOA-7-500x333.jpeg 500w, https:\/\/www.sudoestehoje.com.br\/novoportal\/wp-content\/uploads\/2021\/08\/CANOA-7-700x466.jpeg 700w, https:\/\/www.sudoestehoje.com.br\/novoportal\/wp-content\/uploads\/2021\/08\/CANOA-7-768x512.jpeg 768w, https:\/\/www.sudoestehoje.com.br\/novoportal\/wp-content\/uploads\/2021\/08\/CANOA-7.jpeg 1280w\" sizes=\"auto, (max-width: 500px) 100vw, 500px\" \/><\/a><\/p>\n<p>Ap\u00f3s o sucesso do primeiro Festival Itapetinga de Canoagem, as atletas e dirigentes, Luciana Costa e Camila Lima, representantes da Confedera\u00e7\u00e3o e Federa\u00e7\u00e3o Baiana de Canoagem, voltaram a Itapetinga. Nesta ter\u00e7a-feira, elas se reuniram com a secretaria de Cultura, Esporte e Lazer, para debaterem a realiza\u00e7\u00e3o da primeira etapa do campeonato baiano e seletiva para o campeonato brasileiro de canoagem.<\/p>\n<p><a href=\"https:\/\/www.sudoestehoje.com.br\/novoportal\/wp-content\/uploads\/2021\/08\/CANOA-9.jpeg\"><img loading=\"lazy\" decoding=\"async\" class=\"aligncenter size-medium wp-image-96299\" src=\"https:\/\/www.sudoestehoje.com.br\/novoportal\/wp-content\/uploads\/2021\/08\/CANOA-9-500x333.jpeg\" alt=\"\" width=\"500\" height=\"333\" srcset=\"https:\/\/www.sudoestehoje.com.br\/novoportal\/wp-content\/uploads\/2021\/08\/CANOA-9-500x333.jpeg 500w, https:\/\/www.sudoestehoje.com.br\/novoportal\/wp-content\/uploads\/2021\/08\/CANOA-9-700x466.jpeg 700w, https:\/\/www.sudoestehoje.com.br\/novoportal\/wp-content\/uploads\/2021\/08\/CANOA-9-768x512.jpeg 768w, https:\/\/www.sudoestehoje.com.br\/novoportal\/wp-content\/uploads\/2021\/08\/CANOA-9.jpeg 1280w\" sizes=\"auto, (max-width: 500px) 100vw, 500px\" \/><\/a><\/p>\n<p>No pr\u00f3ximo dia 05 de setembro, o Parque Poliesportivo da Lagoa receber\u00e1 150 atletas baianos para disputas de 200m nas categorias C1 e K1 (canoa e caiaque). Luciana e Camila, novamente elogiaram o lago e a estrutura montada pelo munic\u00edpio no Festival e reafirmaram o potencial que a cidade tem para montar uma escolinha de canoagem e revelar novos talentos.<\/p>\n<p><a href=\"https:\/\/www.sudoestehoje.com.br\/novoportal\/wp-content\/uploads\/2021\/08\/CANOA-8.jpeg\"><img loading=\"lazy\" decoding=\"async\" class=\"aligncenter size-medium wp-image-96297\" src=\"https:\/\/www.sudoestehoje.com.br\/novoportal\/wp-content\/uploads\/2021\/08\/CANOA-8-500x333.jpeg\" alt=\"\" width=\"500\" height=\"333\" srcset=\"https:\/\/www.sudoestehoje.com.br\/novoportal\/wp-content\/uploads\/2021\/08\/CANOA-8-500x333.jpeg 500w, https:\/\/www.sudoestehoje.com.br\/novoportal\/wp-content\/uploads\/2021\/08\/CANOA-8-700x466.jpeg 700w, https:\/\/www.sudoestehoje.com.br\/novoportal\/wp-content\/uploads\/2021\/08\/CANOA-8-768x512.jpeg 768w, https:\/\/www.sudoestehoje.com.br\/novoportal\/wp-content\/uploads\/2021\/08\/CANOA-8.jpeg 1280w\" sizes=\"auto, (max-width: 500px) 100vw, 500px\" \/><\/a><\/p>\n<p>\u201cAp\u00f3s a conquista do ouro por Isaquias Queiroz na Olimp\u00edada de T\u00f3quio, a modalidade ganhou ainda mais visibilidade, o que pode ser capaz de atrair novos jovens que encontrem no esporte alternativas para a constru\u00e7\u00e3o de um futuro melhor. N\u00e3o h\u00e1 raz\u00e3o de um munic\u00edpio investir em qualquer modalidade se n\u00e3o for para fomentar a pr\u00e1tica e promover inclus\u00e3o e transforma\u00e7\u00e3o social\u201d, disse o prefeito Rodrigo Hagge ao receber as atletas em seu gabinete e falar sobre o seu desejo de montar uma escolinha de canoagem para crian\u00e7as e jovens itapetinguenses.<\/p>\n<p><a href=\"https:\/\/www.sudoestehoje.com.br\/novoportal\/wp-content\/uploads\/2021\/08\/CANOA-6.jpeg\"><img loading=\"lazy\" decoding=\"async\" class=\"aligncenter size-medium wp-image-96295\" src=\"https:\/\/www.sudoestehoje.com.br\/novoportal\/wp-content\/uploads\/2021\/08\/CANOA-6-500x333.jpeg\" alt=\"\" width=\"500\" height=\"333\" srcset=\"https:\/\/www.sudoestehoje.com.br\/novoportal\/wp-content\/uploads\/2021\/08\/CANOA-6-500x333.jpeg 500w, https:\/\/www.sudoestehoje.com.br\/novoportal\/wp-content\/uploads\/2021\/08\/CANOA-6-700x467.jpeg 700w, https:\/\/www.sudoestehoje.com.br\/novoportal\/wp-content\/uploads\/2021\/08\/CANOA-6-768x512.jpeg 768w, https:\/\/www.sudoestehoje.com.br\/novoportal\/wp-content\/uploads\/2021\/08\/CANOA-6.jpeg 990w\" sizes=\"auto, (max-width: 500px) 100vw, 500px\" \/><\/a><\/p>\n<p>As representantes da confedera\u00e7\u00e3o e federa\u00e7\u00e3o baiana ainda decidiram, junto com o secret\u00e1rio Jailson Santana, detalhes sobre alojamento e alimenta\u00e7\u00e3o dos atletas, estrutura do evento e necessidades para a escolinha a ser montada. O evento ser\u00e1 a primeira competi\u00e7\u00e3o oficial ap\u00f3s as olimp\u00edadas e ser\u00e1 realizado em parceria com o Governo do Estado, atrav\u00e9s da Sudesb \u2013 Superintend\u00eancia de Desportos do Estado da Bahia.<\/p>\n","protected":false},"excerpt":{"rendered":"<p>Ap\u00f3s o sucesso do primeiro Festival Itapetinga de Canoagem, as atletas e dirigentes, Luciana Costa e Camila Lima, representantes da Confedera\u00e7\u00e3o e Federa\u00e7\u00e3o Baiana de Canoagem, voltaram a Itapetinga. Nesta ter\u00e7a-feira, elas se reuniram com a secretaria de Cultura, Esporte e Lazer, para debaterem a realiza\u00e7\u00e3o da primeira etapa do campeonato baiano e seletiva para [&hellip;]<\/p>\n","protected":false},"author":2,"featured_media":96296,"comment_status":"open","ping_status":"open","sticky":false,"template":"","format":"standard","meta":{"footnotes":"","_links_to":"","_links_to_target":""},"categories":[1],"tags":[],"class_list":["post-96293","post","type-post","status-publish","format-standard","has-post-thumbnail","hentry","category-geral"],"views":866,"_links":{"self":[{"href":"https:\/\/www.sudoestehoje.com.br\/novoportal\/wp-json\/wp\/v2\/posts\/96293","targetHints":{"allow":["GET"]}}],"collection":[{"href":"https:\/\/www.sudoestehoje.com.br\/novoportal\/wp-json\/wp\/v2\/posts"}],"about":[{"href":"https:\/\/www.sudoestehoje.com.br\/novoportal\/wp-json\/wp\/v2\/types\/post"}],"author":[{"embeddable":true,"href":"https:\/\/www.sudoestehoje.com.br\/novoportal\/wp-json\/wp\/v2\/users\/2"}],"replies":[{"embeddable":true,"href":"https:\/\/www.sudoestehoje.com.br\/novoportal\/wp-json\/wp\/v2\/comments?post=96293"}],"version-history":[{"count":3,"href":"https:\/\/www.sudoestehoje.com.br\/novoportal\/wp-json\/wp\/v2\/posts\/96293\/revisions"}],"predecessor-version":[{"id":96300,"href":"https:\/\/www.sudoestehoje.com.br\/novoportal\/wp-json\/wp\/v2\/posts\/96293\/revisions\/96300"}],"wp:featuredmedia":[{"embeddable":true,"href":"https:\/\/www.sudoestehoje.com.br\/novoportal\/wp-json\/wp\/v2\/media\/96296"}],"wp:attachment":[{"href":"https:\/\/www.sudoestehoje.com.br\/novoportal\/wp-json\/wp\/v2\/media?parent=96293"}],"wp:term":[{"taxonomy":"category","embeddable":true,"href":"https:\/\/www.sudoestehoje.com.br\/novoportal\/wp-json\/wp\/v2\/categories?post=96293"},{"taxonomy":"post_tag","embeddable":true,"href":"https:\/\/www.sudoestehoje.com.br\/novoportal\/wp-json\/wp\/v2\/tags?post=96293"}],"curies":[{"name":"wp","href":"https:\/\/api.w.org\/{rel}","templated":true}]}}