
{"id":96289,"date":"2021-08-10T08:19:34","date_gmt":"2021-08-10T11:19:34","guid":{"rendered":"https:\/\/www.sudoestehoje.com.br\/novoportal\/?p=96289"},"modified":"2021-08-10T08:19:34","modified_gmt":"2021-08-10T11:19:34","slug":"comissao-especial-da-camara-aprova-distritao-e-volta-de-coligacoes-para-deputados","status":"publish","type":"post","link":"https:\/\/www.sudoestehoje.com.br\/novoportal\/2021\/08\/10\/comissao-especial-da-camara-aprova-distritao-e-volta-de-coligacoes-para-deputados\/","title":{"rendered":"COMISS\u00c3O ESPECIAL DA C\u00c2MARA APROVA &#8216;DISTRIT\u00c3O&#8217; E VOLTA DE COLIGA\u00c7\u00d5ES PARA DEPUTADOS"},"content":{"rendered":"<p><a href=\"https:\/\/www.sudoestehoje.com.br\/novoportal\/wp-content\/uploads\/2021\/08\/DISTRIT\u00c3O.jpg\"><img loading=\"lazy\" decoding=\"async\" class=\"aligncenter  wp-image-96291\" src=\"https:\/\/www.sudoestehoje.com.br\/novoportal\/wp-content\/uploads\/2021\/08\/DISTRIT\u00c3O.jpg\" alt=\"\" width=\"499\" height=\"368\" \/><\/a><\/p>\n<p>A comiss\u00e3o especial que discute as mudan\u00e7as nas regras eleitorais, na C\u00e2mara dos Deputados, aprovou nesta segunda-feira (9) uma proposta de emenda \u00e0 Constitui\u00e7\u00e3o que prev\u00ea a ado\u00e7\u00e3o do modelo chamado de &#8220;distrit\u00e3o&#8221; e a volta do sistema de coliga\u00e7\u00f5es nas elei\u00e7\u00f5es para deputados e vereadores.<\/p>\n<p>O relat\u00f3rio agora segue para plen\u00e1rio para vota\u00e7\u00e3o de qual modelo dever\u00e1 ser adotado. Na sequ\u00eancia, a proposta vai para o Senado. O presidente da Casa, Rodrigo Pacheco (DEM-MG) chegou a afirmar que, caso aprovado pela C\u00e2mara, o &#8220;distrit\u00e3o&#8221; n\u00e3o passa no Senado.<\/p>\n<p>Atualmente, o sistema em vigor \u00e9 o proporcional, onde as cadeiras de deputados s\u00e3o distribu\u00eddas proporcionalmente \u00e0 quantidade de votos recebidos pelos candidatos e pelos partidos.<\/p>\n<p>Pelo &#8220;distrit\u00e3o&#8221;, os candidatos eleitos s\u00e3o os mais votados individualmente e os votos nas siglas s\u00e3o desconsiderados.<\/p>\n<p>MAIS MUDAN\u00c7AS<\/p>\n<p>Al\u00e9m das mudan\u00e7as para o pleito no Poder Legislativo, o texto prev\u00ea altera\u00e7\u00f5es tamb\u00e9m nas elei\u00e7\u00f5es para o Executivo. De acordo com a mat\u00e9ria, devem valer a partir de 2024. A proposta tamb\u00e9m diz que o eleitor votar\u00e1 em at\u00e9 cinco dos candidatos que disputam a elei\u00e7\u00e3o, em ordem descrescente de prefer\u00eancia.<\/p>\n<p>Ainda pelo texto, o candidato que obtiver a maioria absoluta das primeiras escolhas v\u00e1lidas, n\u00e3o computados brancos e nulos, ser\u00e1 eleito.<\/p>\n","protected":false},"excerpt":{"rendered":"<p>A comiss\u00e3o especial que discute as mudan\u00e7as nas regras eleitorais, na C\u00e2mara dos Deputados, aprovou nesta segunda-feira (9) uma proposta de emenda \u00e0 Constitui\u00e7\u00e3o que prev\u00ea a ado\u00e7\u00e3o do modelo chamado de &#8220;distrit\u00e3o&#8221; e a volta do sistema de coliga\u00e7\u00f5es nas elei\u00e7\u00f5es para deputados e vereadores. O relat\u00f3rio agora segue para plen\u00e1rio para vota\u00e7\u00e3o de [&hellip;]<\/p>\n","protected":false},"author":2,"featured_media":96291,"comment_status":"open","ping_status":"open","sticky":false,"template":"","format":"standard","meta":{"footnotes":"","_links_to":"","_links_to_target":""},"categories":[1],"tags":[],"class_list":["post-96289","post","type-post","status-publish","format-standard","has-post-thumbnail","hentry","category-geral"],"views":1039,"_links":{"self":[{"href":"https:\/\/www.sudoestehoje.com.br\/novoportal\/wp-json\/wp\/v2\/posts\/96289","targetHints":{"allow":["GET"]}}],"collection":[{"href":"https:\/\/www.sudoestehoje.com.br\/novoportal\/wp-json\/wp\/v2\/posts"}],"about":[{"href":"https:\/\/www.sudoestehoje.com.br\/novoportal\/wp-json\/wp\/v2\/types\/post"}],"author":[{"embeddable":true,"href":"https:\/\/www.sudoestehoje.com.br\/novoportal\/wp-json\/wp\/v2\/users\/2"}],"replies":[{"embeddable":true,"href":"https:\/\/www.sudoestehoje.com.br\/novoportal\/wp-json\/wp\/v2\/comments?post=96289"}],"version-history":[{"count":2,"href":"https:\/\/www.sudoestehoje.com.br\/novoportal\/wp-json\/wp\/v2\/posts\/96289\/revisions"}],"predecessor-version":[{"id":96292,"href":"https:\/\/www.sudoestehoje.com.br\/novoportal\/wp-json\/wp\/v2\/posts\/96289\/revisions\/96292"}],"wp:featuredmedia":[{"embeddable":true,"href":"https:\/\/www.sudoestehoje.com.br\/novoportal\/wp-json\/wp\/v2\/media\/96291"}],"wp:attachment":[{"href":"https:\/\/www.sudoestehoje.com.br\/novoportal\/wp-json\/wp\/v2\/media?parent=96289"}],"wp:term":[{"taxonomy":"category","embeddable":true,"href":"https:\/\/www.sudoestehoje.com.br\/novoportal\/wp-json\/wp\/v2\/categories?post=96289"},{"taxonomy":"post_tag","embeddable":true,"href":"https:\/\/www.sudoestehoje.com.br\/novoportal\/wp-json\/wp\/v2\/tags?post=96289"}],"curies":[{"name":"wp","href":"https:\/\/api.w.org\/{rel}","templated":true}]}}