
{"id":96285,"date":"2021-08-09T16:05:55","date_gmt":"2021-08-09T19:05:55","guid":{"rendered":"https:\/\/www.sudoestehoje.com.br\/novoportal\/?p=96285"},"modified":"2021-08-09T20:07:33","modified_gmt":"2021-08-09T23:07:33","slug":"itapetinga-secretaria-de-educacao-realiza-encontros-sobre-impactos-da-covid-19","status":"publish","type":"post","link":"https:\/\/www.sudoestehoje.com.br\/novoportal\/2021\/08\/09\/itapetinga-secretaria-de-educacao-realiza-encontros-sobre-impactos-da-covid-19\/","title":{"rendered":"ITAPETINGA: SECRETARIA DE EDUCA\u00c7\u00c3O REALIZA ENCONTROS SOBRE IMPACTOS DA COVID-19"},"content":{"rendered":"<p><a href=\"https:\/\/www.sudoestehoje.com.br\/novoportal\/wp-content\/uploads\/2021\/08\/ENCONTROS.jpeg\"><img loading=\"lazy\" decoding=\"async\" class=\"aligncenter size-medium wp-image-96287\" src=\"https:\/\/www.sudoestehoje.com.br\/novoportal\/wp-content\/uploads\/2021\/08\/ENCONTROS-500x500.jpeg\" alt=\"\" width=\"500\" height=\"500\" srcset=\"https:\/\/www.sudoestehoje.com.br\/novoportal\/wp-content\/uploads\/2021\/08\/ENCONTROS-500x500.jpeg 500w, https:\/\/www.sudoestehoje.com.br\/novoportal\/wp-content\/uploads\/2021\/08\/ENCONTROS-700x700.jpeg 700w, https:\/\/www.sudoestehoje.com.br\/novoportal\/wp-content\/uploads\/2021\/08\/ENCONTROS-150x150.jpeg 150w, https:\/\/www.sudoestehoje.com.br\/novoportal\/wp-content\/uploads\/2021\/08\/ENCONTROS-768x768.jpeg 768w, https:\/\/www.sudoestehoje.com.br\/novoportal\/wp-content\/uploads\/2021\/08\/ENCONTROS.jpeg 1181w\" sizes=\"auto, (max-width: 500px) 100vw, 500px\" \/><\/a><\/p>\n<p>Visando proporcionar um retorno seguro e sustentado dos profissionais da educa\u00e7\u00e3o municipal \u00e0s atividades presenciais a Secretaria de Educa\u00e7\u00e3o de Itapetinga realizar\u00e1 ENCONTROS DE ACOLHIDA, FORMA\u00c7\u00c3O E REFLEX\u00c3O SOBRE COMO LIDAR COM O AMBIENTE DE TRABALHO EM TEMPO DE PANDEMIA. No total ser\u00e3o dez encontros no per\u00edodo de 16 a 25 de agosto, na \u00e1rea livre da Escola Jos\u00e9 Marcos Gusm\u00e3o.<\/p>\n<p>Os encontros ser\u00e3o mediados por profissional da sa\u00fade e psic\u00f3logo especificamente contratados para a necess\u00e1ria a\u00e7\u00e3o de prepara\u00e7\u00e3o t\u00e9cnica e psicol\u00f3gica dos envolvidos, visando a supera\u00e7\u00e3o dos dif\u00edceis momentos que ainda atravessaremos at\u00e9 a normaliza\u00e7\u00e3o completa do cen\u00e1rio educacional mundial.<\/p>\n<p>Os grupos ser\u00e3o divididos por categorias de atividades profissionais correlatas, mantendo o quantitativo biosseguro e facilitando o trabalho dos orientadores, conforme cronograma a seguir:<\/p>\n<p>Data do Encontro P\u00fablico Alvo<br \/>\n16 de agosto Gestores e coordenadores pedag\u00f3gicos<br \/>\n17 de agosto Administrativo<br \/>\n18 de agosto Pessoal de Apoio<br \/>\n19 de agosto Motoristas e vigilantes<br \/>\n20 de agosto Merendeiras<br \/>\n23 de agosto Professores da educa\u00e7\u00e3o infantil<br \/>\n24 de agosto &#8211; manh\u00e3 Professores do ensino fundamental &#8211; anos iniciais &#8211; Grupo 1<br \/>\n24 de agosto &#8211; tarde Professores do ensino fundamental &#8211; anos iniciais &#8211; Grupo 2<br \/>\n25 de agosto &#8211; manh\u00e3 Professores do ensino fundamental &#8211; anos finais e EJA &#8211; Grupo 1<br \/>\n25 de agosto &#8211; tarde Professores do ensino fundamental &#8211; anos finais e EJA &#8211; Grupo 2<\/p>\n","protected":false},"excerpt":{"rendered":"<p>Visando proporcionar um retorno seguro e sustentado dos profissionais da educa\u00e7\u00e3o municipal \u00e0s atividades presenciais a Secretaria de Educa\u00e7\u00e3o de Itapetinga realizar\u00e1 ENCONTROS DE ACOLHIDA, FORMA\u00c7\u00c3O E REFLEX\u00c3O SOBRE COMO LIDAR COM O AMBIENTE DE TRABALHO EM TEMPO DE PANDEMIA. No total ser\u00e3o dez encontros no per\u00edodo de 16 a 25 de agosto, na \u00e1rea [&hellip;]<\/p>\n","protected":false},"author":2,"featured_media":96287,"comment_status":"open","ping_status":"open","sticky":false,"template":"","format":"standard","meta":{"footnotes":"","_links_to":"","_links_to_target":""},"categories":[1],"tags":[],"class_list":["post-96285","post","type-post","status-publish","format-standard","has-post-thumbnail","hentry","category-geral"],"views":878,"_links":{"self":[{"href":"https:\/\/www.sudoestehoje.com.br\/novoportal\/wp-json\/wp\/v2\/posts\/96285","targetHints":{"allow":["GET"]}}],"collection":[{"href":"https:\/\/www.sudoestehoje.com.br\/novoportal\/wp-json\/wp\/v2\/posts"}],"about":[{"href":"https:\/\/www.sudoestehoje.com.br\/novoportal\/wp-json\/wp\/v2\/types\/post"}],"author":[{"embeddable":true,"href":"https:\/\/www.sudoestehoje.com.br\/novoportal\/wp-json\/wp\/v2\/users\/2"}],"replies":[{"embeddable":true,"href":"https:\/\/www.sudoestehoje.com.br\/novoportal\/wp-json\/wp\/v2\/comments?post=96285"}],"version-history":[{"count":2,"href":"https:\/\/www.sudoestehoje.com.br\/novoportal\/wp-json\/wp\/v2\/posts\/96285\/revisions"}],"predecessor-version":[{"id":96288,"href":"https:\/\/www.sudoestehoje.com.br\/novoportal\/wp-json\/wp\/v2\/posts\/96285\/revisions\/96288"}],"wp:featuredmedia":[{"embeddable":true,"href":"https:\/\/www.sudoestehoje.com.br\/novoportal\/wp-json\/wp\/v2\/media\/96287"}],"wp:attachment":[{"href":"https:\/\/www.sudoestehoje.com.br\/novoportal\/wp-json\/wp\/v2\/media?parent=96285"}],"wp:term":[{"taxonomy":"category","embeddable":true,"href":"https:\/\/www.sudoestehoje.com.br\/novoportal\/wp-json\/wp\/v2\/categories?post=96285"},{"taxonomy":"post_tag","embeddable":true,"href":"https:\/\/www.sudoestehoje.com.br\/novoportal\/wp-json\/wp\/v2\/tags?post=96285"}],"curies":[{"name":"wp","href":"https:\/\/api.w.org\/{rel}","templated":true}]}}