
{"id":96233,"date":"2021-08-06T21:32:53","date_gmt":"2021-08-07T00:32:53","guid":{"rendered":"https:\/\/www.sudoestehoje.com.br\/novoportal\/?p=96233"},"modified":"2021-08-06T21:40:08","modified_gmt":"2021-08-07T00:40:08","slug":"conquista-vereador-chico-estrela-queima-o-filme-de-sheila-lemos-com-a-base-de-herzem","status":"publish","type":"post","link":"https:\/\/www.sudoestehoje.com.br\/novoportal\/2021\/08\/06\/conquista-vereador-chico-estrela-queima-o-filme-de-sheila-lemos-com-a-base-de-herzem\/","title":{"rendered":"CONQUISTA: VEREADOR CHICO ESTRELA &#8216;QUEIMA O FILME&#8217; DE SHEILA LEMOS COM A BASE DE HERZEM"},"content":{"rendered":"<p><a href=\"https:\/\/www.sudoestehoje.com.br\/novoportal\/wp-content\/uploads\/2021\/08\/chico-e-sheila.jpg\"><img loading=\"lazy\" decoding=\"async\" class=\"aligncenter size-full wp-image-96235\" src=\"https:\/\/www.sudoestehoje.com.br\/novoportal\/wp-content\/uploads\/2021\/08\/chico-e-sheila.jpg\" alt=\"\" width=\"500\" height=\"330\" \/><\/a><\/p>\n<p>Atrav\u00e9s de reiteradas declara\u00e7\u00f5es odiosas e ofensivas \u00e0 mem\u00f3ria do ex-prefeito Herzem Gusm\u00e3o (MDB), que faleceu ap\u00f3s sua segunda vit\u00f3ria para prefeito de Vit\u00f3ria da Conquista, o vereador Chico Estrela (PTC), l\u00edder da prefeita Sheila Lemos (DEM) na C\u00e2mara, vem criando embara\u00e7os \u00e0 inexperiente gestora municipal e afastando do seu grupo pol\u00edticos importantes ligados ao MDB e outros partidos conquistenses.<\/p>\n<p>As \u00faltimas declara\u00e7\u00f5es do conturbado edil, elogiando o ex-prefeito Guilherme do PT e desrespeitando a mem\u00f3ria de Herzem, provocou rea\u00e7\u00f5es a n\u00edvel local, regional e estadual, criando uma verdadeira<em> &#8216;saia justa&#8217;<\/em> para a prefeita Sheila, que v\u00ea escapar pelos dedos a oportunidade de conquistar a base de Herzem e fortalecer o seu grupo pol\u00edtico, ainda incipiente.<\/p>\n<p>Em nota \u00e0 imprensa, o m\u00e9dico Danilo Gusm\u00e3o, filho de Herzem, manifestou a sua indigna\u00e7\u00e3o diante das ofensas e insinua\u00e7\u00f5es levianas do vereador Chico Estrela, provocando um verdadeiro terremoto na fr\u00e1gil base da prefeita, que sequer se pronunciou sobre o epis\u00f3dio.<\/p>\n<p><em>&#8220;Somente por essa fatalidade, meu pai n\u00e3o est\u00e1 \u00e0 frente do atual governo desta cidade, junto com Sheila Lemos, como o povo conquistense decidiu atrav\u00e9s de uma enorme vota\u00e7\u00e3o. Tamb\u00e9m por isso, meu pai n\u00e3o pode mais se defender de ataques, ofensas e declara\u00e7\u00f5es vazias, de onde quer que elas venham. Estas acusa\u00e7\u00f5es se tornam ainda mais absurdas quando partem de quem se coloca em posi\u00e7\u00e3o de liderar um governo que \u00e9 a continuidade da obra que ele realizou e que contou com grande reconhecimento da popula\u00e7\u00e3o e repercuss\u00e3o nacional&#8221;, <\/em>disse Danilo Gusm\u00e3o.<\/p>\n<p>\u00c9 consenso nos meios pol\u00edticos em Vit\u00f3ria da Conquista que a perman\u00eancia de Chico Estrela na lideran\u00e7a da prefeita Sheila Lemos s\u00f3 cria embara\u00e7os e preju\u00edzo pol\u00edtico \u00e0 nova gestora municipal, causando um racha desnecess\u00e1rio na sua base.<\/p>\n<p><strong><em>Por Davi Ferraz<\/em><\/strong><\/p>\n","protected":false},"excerpt":{"rendered":"<p>Atrav\u00e9s de reiteradas declara\u00e7\u00f5es odiosas e ofensivas \u00e0 mem\u00f3ria do ex-prefeito Herzem Gusm\u00e3o (MDB), que faleceu ap\u00f3s sua segunda vit\u00f3ria para prefeito de Vit\u00f3ria da Conquista, o vereador Chico Estrela (PTC), l\u00edder da prefeita Sheila Lemos (DEM) na C\u00e2mara, vem criando embara\u00e7os \u00e0 inexperiente gestora municipal e afastando do seu grupo pol\u00edticos importantes ligados ao [&hellip;]<\/p>\n","protected":false},"author":2,"featured_media":96235,"comment_status":"open","ping_status":"open","sticky":false,"template":"","format":"standard","meta":{"footnotes":"","_links_to":"","_links_to_target":""},"categories":[1],"tags":[],"class_list":["post-96233","post","type-post","status-publish","format-standard","has-post-thumbnail","hentry","category-geral"],"views":1075,"_links":{"self":[{"href":"https:\/\/www.sudoestehoje.com.br\/novoportal\/wp-json\/wp\/v2\/posts\/96233","targetHints":{"allow":["GET"]}}],"collection":[{"href":"https:\/\/www.sudoestehoje.com.br\/novoportal\/wp-json\/wp\/v2\/posts"}],"about":[{"href":"https:\/\/www.sudoestehoje.com.br\/novoportal\/wp-json\/wp\/v2\/types\/post"}],"author":[{"embeddable":true,"href":"https:\/\/www.sudoestehoje.com.br\/novoportal\/wp-json\/wp\/v2\/users\/2"}],"replies":[{"embeddable":true,"href":"https:\/\/www.sudoestehoje.com.br\/novoportal\/wp-json\/wp\/v2\/comments?post=96233"}],"version-history":[{"count":4,"href":"https:\/\/www.sudoestehoje.com.br\/novoportal\/wp-json\/wp\/v2\/posts\/96233\/revisions"}],"predecessor-version":[{"id":96238,"href":"https:\/\/www.sudoestehoje.com.br\/novoportal\/wp-json\/wp\/v2\/posts\/96233\/revisions\/96238"}],"wp:featuredmedia":[{"embeddable":true,"href":"https:\/\/www.sudoestehoje.com.br\/novoportal\/wp-json\/wp\/v2\/media\/96235"}],"wp:attachment":[{"href":"https:\/\/www.sudoestehoje.com.br\/novoportal\/wp-json\/wp\/v2\/media?parent=96233"}],"wp:term":[{"taxonomy":"category","embeddable":true,"href":"https:\/\/www.sudoestehoje.com.br\/novoportal\/wp-json\/wp\/v2\/categories?post=96233"},{"taxonomy":"post_tag","embeddable":true,"href":"https:\/\/www.sudoestehoje.com.br\/novoportal\/wp-json\/wp\/v2\/tags?post=96233"}],"curies":[{"name":"wp","href":"https:\/\/api.w.org\/{rel}","templated":true}]}}