
{"id":96206,"date":"2021-08-06T07:55:10","date_gmt":"2021-08-06T10:55:10","guid":{"rendered":"https:\/\/www.sudoestehoje.com.br\/novoportal\/?p=96206"},"modified":"2021-08-06T07:55:10","modified_gmt":"2021-08-06T10:55:10","slug":"noite-fria-com-chuva-fina-em-itapetinga","status":"publish","type":"post","link":"https:\/\/www.sudoestehoje.com.br\/novoportal\/2021\/08\/06\/noite-fria-com-chuva-fina-em-itapetinga\/","title":{"rendered":"NOITE FRIA COM CHUVA FINA EM ITAPETINGA"},"content":{"rendered":"<div id=\"attachment_96207\" style=\"width: 510px\" class=\"wp-caption aligncenter\"><a href=\"https:\/\/www.sudoestehoje.com.br\/novoportal\/wp-content\/uploads\/2021\/08\/r\u00f3tula-orixas.jpeg\"><img loading=\"lazy\" decoding=\"async\" aria-describedby=\"caption-attachment-96207\" class=\"size-medium wp-image-96207\" src=\"https:\/\/www.sudoestehoje.com.br\/novoportal\/wp-content\/uploads\/2021\/08\/r\u00f3tula-orixas-500x375.jpeg\" alt=\"\" width=\"500\" height=\"375\" srcset=\"https:\/\/www.sudoestehoje.com.br\/novoportal\/wp-content\/uploads\/2021\/08\/r\u00f3tula-orixas-500x375.jpeg 500w, https:\/\/www.sudoestehoje.com.br\/novoportal\/wp-content\/uploads\/2021\/08\/r\u00f3tula-orixas-700x525.jpeg 700w, https:\/\/www.sudoestehoje.com.br\/novoportal\/wp-content\/uploads\/2021\/08\/r\u00f3tula-orixas-768x576.jpeg 768w, https:\/\/www.sudoestehoje.com.br\/novoportal\/wp-content\/uploads\/2021\/08\/r\u00f3tula-orixas-1536x1152.jpeg 1536w, https:\/\/www.sudoestehoje.com.br\/novoportal\/wp-content\/uploads\/2021\/08\/r\u00f3tula-orixas.jpeg 1600w\" sizes=\"auto, (max-width: 500px) 100vw, 500px\" \/><\/a><p id=\"caption-attachment-96207\" class=\"wp-caption-text\"><strong><em>R\u00d3TULA DOS ORIX\u00c1S NESTA QUINTA-FEIRA \u00c1 NOITE<\/em><\/strong><\/p><\/div>\n<p>Uma chuva fina, popularmente conhecida como <em>&#8220;librina&#8221;<\/em>, caiu em Itapetinga e regi\u00e3o desde a tarde desta quinta-feira (5), derrubando as temperaturas na cidade.<\/p>\n<p>A noite foi muito fria em v\u00e1rios bairros da cidade, com os moradores tendo que recorrer aos cobertores e edredons, guardados h\u00e1 meses nos arm\u00e1rios, coisa rara em Itapetinga.<\/p>\n<p>De acordo com o Climatempo a temperatura chegou aos 15\u00b0C na madrugada, mas a sensa\u00e7\u00e3o foi de muito menos.<\/p>\n<p>O inverno este ano promete ser mais rigoroso que nos anos anteriores, com &#8216;frentes frias&#8217; vindas do Sul chegando \u00e0 toda hora.<\/p>\n<p>T\u00e1 gostoso pra dormir&#8230;<\/p>\n<p><strong><em>Por Davi Ferraz<\/em><\/strong><\/p>\n","protected":false},"excerpt":{"rendered":"<p>Uma chuva fina, popularmente conhecida como &#8220;librina&#8221;, caiu em Itapetinga e regi\u00e3o desde a tarde desta quinta-feira (5), derrubando as temperaturas na cidade. A noite foi muito fria em v\u00e1rios bairros da cidade, com os moradores tendo que recorrer aos cobertores e edredons, guardados h\u00e1 meses nos arm\u00e1rios, coisa rara em Itapetinga. De acordo com [&hellip;]<\/p>\n","protected":false},"author":2,"featured_media":0,"comment_status":"open","ping_status":"open","sticky":false,"template":"","format":"standard","meta":{"footnotes":"","_links_to":"","_links_to_target":""},"categories":[1],"tags":[],"class_list":["post-96206","post","type-post","status-publish","format-standard","hentry","category-geral"],"views":1067,"_links":{"self":[{"href":"https:\/\/www.sudoestehoje.com.br\/novoportal\/wp-json\/wp\/v2\/posts\/96206","targetHints":{"allow":["GET"]}}],"collection":[{"href":"https:\/\/www.sudoestehoje.com.br\/novoportal\/wp-json\/wp\/v2\/posts"}],"about":[{"href":"https:\/\/www.sudoestehoje.com.br\/novoportal\/wp-json\/wp\/v2\/types\/post"}],"author":[{"embeddable":true,"href":"https:\/\/www.sudoestehoje.com.br\/novoportal\/wp-json\/wp\/v2\/users\/2"}],"replies":[{"embeddable":true,"href":"https:\/\/www.sudoestehoje.com.br\/novoportal\/wp-json\/wp\/v2\/comments?post=96206"}],"version-history":[{"count":3,"href":"https:\/\/www.sudoestehoje.com.br\/novoportal\/wp-json\/wp\/v2\/posts\/96206\/revisions"}],"predecessor-version":[{"id":96210,"href":"https:\/\/www.sudoestehoje.com.br\/novoportal\/wp-json\/wp\/v2\/posts\/96206\/revisions\/96210"}],"wp:attachment":[{"href":"https:\/\/www.sudoestehoje.com.br\/novoportal\/wp-json\/wp\/v2\/media?parent=96206"}],"wp:term":[{"taxonomy":"category","embeddable":true,"href":"https:\/\/www.sudoestehoje.com.br\/novoportal\/wp-json\/wp\/v2\/categories?post=96206"},{"taxonomy":"post_tag","embeddable":true,"href":"https:\/\/www.sudoestehoje.com.br\/novoportal\/wp-json\/wp\/v2\/tags?post=96206"}],"curies":[{"name":"wp","href":"https:\/\/api.w.org\/{rel}","templated":true}]}}