
{"id":96200,"date":"2021-08-05T17:03:59","date_gmt":"2021-08-05T20:03:59","guid":{"rendered":"https:\/\/www.sudoestehoje.com.br\/novoportal\/?p=96200"},"modified":"2021-08-05T17:03:59","modified_gmt":"2021-08-05T20:03:59","slug":"urgente-privatizacao-dos-correios-acaba-de-ser-aprovada-na-camara-federal","status":"publish","type":"post","link":"https:\/\/www.sudoestehoje.com.br\/novoportal\/2021\/08\/05\/urgente-privatizacao-dos-correios-acaba-de-ser-aprovada-na-camara-federal\/","title":{"rendered":"URGENTE! PRIVATIZA\u00c7\u00c3O DOS CORREIOS ACABA DE SER APROVADA NA C\u00c2MARA FEDERAL"},"content":{"rendered":"<p><a href=\"https:\/\/www.sudoestehoje.com.br\/novoportal\/wp-content\/uploads\/2021\/08\/PRIVATIZA\u00c7\u00c3O-CORREIOS.jpg\"><img loading=\"lazy\" decoding=\"async\" class=\"aligncenter size-full wp-image-96202\" src=\"https:\/\/www.sudoestehoje.com.br\/novoportal\/wp-content\/uploads\/2021\/08\/PRIVATIZA\u00c7\u00c3O-CORREIOS.jpg\" alt=\"\" width=\"500\" height=\"261\" \/><\/a><\/p>\n<p>Enviado ao Congresso em fevereiro, o projeto de lei que encerra o monop\u00f3lio dos\u00a0<a href=\"https:\/\/exame.com\/noticias-sobre\/correios\/\"><strong>Correios<\/strong><\/a>\u00a0sobre o servi\u00e7o postal &#8212; e abre caminho para a privatiza\u00e7\u00e3o da estatal \u2013 foi finalmente votado nesta quinta, 5, na C\u00e2mara.<\/p>\n<p>Com a Casa lotada e debates intensos, o parecer dos deputados foi positivo \u00e0 desestatiza\u00e7\u00e3o, por 286 a favor, 173 contra e duas absten\u00e7\u00f5es.<\/p>\n<p>Os partidos de oposi\u00e7\u00e3o, entre eles o PT e PDT, chegaram a apresentar um requerimento, que acabou sendo rejeitado, para a retirada do projeto de lei da pauta e o adiamento da discuss\u00e3o.<\/p>\n<p>&#8220;O novo marco regulat\u00f3rio d\u00e1 amplo poder de concorr\u00eancia ao setor&#8221;, disse o deputado Gil Cutrim (Republicamos\/MA), relator do projeto de lei.<\/p>\n<p>Agora, a proposta segue para o Senado.<\/p>\n","protected":false},"excerpt":{"rendered":"<p>Enviado ao Congresso em fevereiro, o projeto de lei que encerra o monop\u00f3lio dos\u00a0Correios\u00a0sobre o servi\u00e7o postal &#8212; e abre caminho para a privatiza\u00e7\u00e3o da estatal \u2013 foi finalmente votado nesta quinta, 5, na C\u00e2mara. Com a Casa lotada e debates intensos, o parecer dos deputados foi positivo \u00e0 desestatiza\u00e7\u00e3o, por 286 a favor, 173 [&hellip;]<\/p>\n","protected":false},"author":2,"featured_media":96202,"comment_status":"open","ping_status":"open","sticky":false,"template":"","format":"standard","meta":{"footnotes":"","_links_to":"","_links_to_target":""},"categories":[1],"tags":[],"class_list":["post-96200","post","type-post","status-publish","format-standard","has-post-thumbnail","hentry","category-geral"],"views":1148,"_links":{"self":[{"href":"https:\/\/www.sudoestehoje.com.br\/novoportal\/wp-json\/wp\/v2\/posts\/96200","targetHints":{"allow":["GET"]}}],"collection":[{"href":"https:\/\/www.sudoestehoje.com.br\/novoportal\/wp-json\/wp\/v2\/posts"}],"about":[{"href":"https:\/\/www.sudoestehoje.com.br\/novoportal\/wp-json\/wp\/v2\/types\/post"}],"author":[{"embeddable":true,"href":"https:\/\/www.sudoestehoje.com.br\/novoportal\/wp-json\/wp\/v2\/users\/2"}],"replies":[{"embeddable":true,"href":"https:\/\/www.sudoestehoje.com.br\/novoportal\/wp-json\/wp\/v2\/comments?post=96200"}],"version-history":[{"count":2,"href":"https:\/\/www.sudoestehoje.com.br\/novoportal\/wp-json\/wp\/v2\/posts\/96200\/revisions"}],"predecessor-version":[{"id":96203,"href":"https:\/\/www.sudoestehoje.com.br\/novoportal\/wp-json\/wp\/v2\/posts\/96200\/revisions\/96203"}],"wp:featuredmedia":[{"embeddable":true,"href":"https:\/\/www.sudoestehoje.com.br\/novoportal\/wp-json\/wp\/v2\/media\/96202"}],"wp:attachment":[{"href":"https:\/\/www.sudoestehoje.com.br\/novoportal\/wp-json\/wp\/v2\/media?parent=96200"}],"wp:term":[{"taxonomy":"category","embeddable":true,"href":"https:\/\/www.sudoestehoje.com.br\/novoportal\/wp-json\/wp\/v2\/categories?post=96200"},{"taxonomy":"post_tag","embeddable":true,"href":"https:\/\/www.sudoestehoje.com.br\/novoportal\/wp-json\/wp\/v2\/tags?post=96200"}],"curies":[{"name":"wp","href":"https:\/\/api.w.org\/{rel}","templated":true}]}}