
{"id":96196,"date":"2021-08-05T16:30:13","date_gmt":"2021-08-05T19:30:13","guid":{"rendered":"https:\/\/www.sudoestehoje.com.br\/novoportal\/?p=96196"},"modified":"2021-08-05T16:30:13","modified_gmt":"2021-08-05T19:30:13","slug":"itapetinga-instrutor-de-danca-fabio-x-e-transferido-para-hospital-de-caetite-para-tratar-covid-19","status":"publish","type":"post","link":"https:\/\/www.sudoestehoje.com.br\/novoportal\/2021\/08\/05\/itapetinga-instrutor-de-danca-fabio-x-e-transferido-para-hospital-de-caetite-para-tratar-covid-19\/","title":{"rendered":"ITAPETINGA: INSTRUTOR DE DAN\u00c7A &#8216;F\u00c1BIO X&#8217; \u00c9 TRANSFERIDO PARA HOSPITAL DE CAETIT\u00c9 PARA TRATAR COVID-19"},"content":{"rendered":"<p><a href=\"https:\/\/www.sudoestehoje.com.br\/novoportal\/wp-content\/uploads\/2021\/08\/fabio.jpg\"><img loading=\"lazy\" decoding=\"async\" class=\"aligncenter size-medium wp-image-96198\" src=\"https:\/\/www.sudoestehoje.com.br\/novoportal\/wp-content\/uploads\/2021\/08\/fabio-500x502.jpg\" alt=\"\" width=\"500\" height=\"502\" srcset=\"https:\/\/www.sudoestehoje.com.br\/novoportal\/wp-content\/uploads\/2021\/08\/fabio-500x502.jpg 500w, https:\/\/www.sudoestehoje.com.br\/novoportal\/wp-content\/uploads\/2021\/08\/fabio-700x703.jpg 700w, https:\/\/www.sudoestehoje.com.br\/novoportal\/wp-content\/uploads\/2021\/08\/fabio-150x150.jpg 150w, https:\/\/www.sudoestehoje.com.br\/novoportal\/wp-content\/uploads\/2021\/08\/fabio-768x771.jpg 768w, https:\/\/www.sudoestehoje.com.br\/novoportal\/wp-content\/uploads\/2021\/08\/fabio.jpg 968w\" sizes=\"auto, (max-width: 500px) 100vw, 500px\" \/><\/a><\/p>\n<p>O instrutor de dan\u00e7a em academias de Itapetinga, F\u00e1bio Xavier Gusm\u00e3o, popularmente conhecido por &#8216;F\u00c1BIO X&#8217;, foi transferido nesta quinta-feira (5) para uma unidade de hospitalar na cidade de Caetit\u00e9, para tratamento da Cavid-19.<\/p>\n<p>De acordo com informa\u00e7\u00f5es encaminhadas ao Sudoeste Hoje, F\u00e1bio teria sentido os sintomas da Covid-19 na ter\u00e7a-feira (3), sendo internado no Hospital Cristo Redentor, em Itapetinga, \u00e0 espera da regula\u00e7\u00e3o e transfer\u00eancia para uma unidade de refer\u00eancia.<\/p>\n<p>F\u00e1bio \u00e9 figura conhecida e querida em Itapetinga, se destacando na \u00e1rea da dan\u00e7a e zumba em academias da cidade.<\/p>\n<p><strong><em>Por Davi Ferraz<\/em><\/strong><\/p>\n","protected":false},"excerpt":{"rendered":"<p>O instrutor de dan\u00e7a em academias de Itapetinga, F\u00e1bio Xavier Gusm\u00e3o, popularmente conhecido por &#8216;F\u00c1BIO X&#8217;, foi transferido nesta quinta-feira (5) para uma unidade de hospitalar na cidade de Caetit\u00e9, para tratamento da Cavid-19. De acordo com informa\u00e7\u00f5es encaminhadas ao Sudoeste Hoje, F\u00e1bio teria sentido os sintomas da Covid-19 na ter\u00e7a-feira (3), sendo internado no [&hellip;]<\/p>\n","protected":false},"author":2,"featured_media":96198,"comment_status":"open","ping_status":"open","sticky":false,"template":"","format":"standard","meta":{"footnotes":"","_links_to":"","_links_to_target":""},"categories":[1],"tags":[],"class_list":["post-96196","post","type-post","status-publish","format-standard","has-post-thumbnail","hentry","category-geral"],"views":1407,"_links":{"self":[{"href":"https:\/\/www.sudoestehoje.com.br\/novoportal\/wp-json\/wp\/v2\/posts\/96196","targetHints":{"allow":["GET"]}}],"collection":[{"href":"https:\/\/www.sudoestehoje.com.br\/novoportal\/wp-json\/wp\/v2\/posts"}],"about":[{"href":"https:\/\/www.sudoestehoje.com.br\/novoportal\/wp-json\/wp\/v2\/types\/post"}],"author":[{"embeddable":true,"href":"https:\/\/www.sudoestehoje.com.br\/novoportal\/wp-json\/wp\/v2\/users\/2"}],"replies":[{"embeddable":true,"href":"https:\/\/www.sudoestehoje.com.br\/novoportal\/wp-json\/wp\/v2\/comments?post=96196"}],"version-history":[{"count":2,"href":"https:\/\/www.sudoestehoje.com.br\/novoportal\/wp-json\/wp\/v2\/posts\/96196\/revisions"}],"predecessor-version":[{"id":96199,"href":"https:\/\/www.sudoestehoje.com.br\/novoportal\/wp-json\/wp\/v2\/posts\/96196\/revisions\/96199"}],"wp:featuredmedia":[{"embeddable":true,"href":"https:\/\/www.sudoestehoje.com.br\/novoportal\/wp-json\/wp\/v2\/media\/96198"}],"wp:attachment":[{"href":"https:\/\/www.sudoestehoje.com.br\/novoportal\/wp-json\/wp\/v2\/media?parent=96196"}],"wp:term":[{"taxonomy":"category","embeddable":true,"href":"https:\/\/www.sudoestehoje.com.br\/novoportal\/wp-json\/wp\/v2\/categories?post=96196"},{"taxonomy":"post_tag","embeddable":true,"href":"https:\/\/www.sudoestehoje.com.br\/novoportal\/wp-json\/wp\/v2\/tags?post=96196"}],"curies":[{"name":"wp","href":"https:\/\/api.w.org\/{rel}","templated":true}]}}