
{"id":96187,"date":"2021-08-05T09:13:36","date_gmt":"2021-08-05T12:13:36","guid":{"rendered":"https:\/\/www.sudoestehoje.com.br\/novoportal\/?p=96187"},"modified":"2021-08-05T09:13:36","modified_gmt":"2021-08-05T12:13:36","slug":"boxeadores-baianos-disputam-medalhas-de-ouro-em-toquio-neste-final-de-semana","status":"publish","type":"post","link":"https:\/\/www.sudoestehoje.com.br\/novoportal\/2021\/08\/05\/boxeadores-baianos-disputam-medalhas-de-ouro-em-toquio-neste-final-de-semana\/","title":{"rendered":"BOXEADORES BAIANOS DISPUTAM MEDALHAS DE OURO EM T\u00d3QUIO NESTE FINAL DE SEMANA"},"content":{"rendered":"<p><a href=\"https:\/\/www.sudoestehoje.com.br\/novoportal\/wp-content\/uploads\/2021\/08\/bia-ferreira-04082021125007503.jpeg\"><img loading=\"lazy\" decoding=\"async\" class=\"aligncenter size-medium wp-image-96189\" src=\"https:\/\/www.sudoestehoje.com.br\/novoportal\/wp-content\/uploads\/2021\/08\/bia-ferreira-04082021125007503-500x311.jpeg\" alt=\"\" width=\"500\" height=\"311\" srcset=\"https:\/\/www.sudoestehoje.com.br\/novoportal\/wp-content\/uploads\/2021\/08\/bia-ferreira-04082021125007503-500x311.jpeg 500w, https:\/\/www.sudoestehoje.com.br\/novoportal\/wp-content\/uploads\/2021\/08\/bia-ferreira-04082021125007503-700x436.jpeg 700w, https:\/\/www.sudoestehoje.com.br\/novoportal\/wp-content\/uploads\/2021\/08\/bia-ferreira-04082021125007503.jpeg 760w\" sizes=\"auto, (max-width: 500px) 100vw, 500px\" \/><\/a><\/p>\n<p>Herbert Concei\u00e7\u00e3o e Bia Ferreira venceram suas lutas, nesta quarta (5), e asseguraram, ao menos, duas medalhas de prata para o Brasil nas Olimp\u00edadas de T\u00f3quio, no Jap\u00e3o. Eles passaram \u00e0s finais das categorias peso m\u00e9dio masculino (75kg) e peso leve feminino (60kg).<\/p>\n<p><a href=\"https:\/\/www.sudoestehoje.com.br\/novoportal\/wp-content\/uploads\/2021\/08\/hebert-conceicao-e-um-dos-representantes-do-brasil-no-boxe-da-toquio-2020-1627389150116_v2_4x3-scaled.jpg\"><img loading=\"lazy\" decoding=\"async\" class=\"aligncenter size-medium wp-image-96190\" src=\"https:\/\/www.sudoestehoje.com.br\/novoportal\/wp-content\/uploads\/2021\/08\/hebert-conceicao-e-um-dos-representantes-do-brasil-no-boxe-da-toquio-2020-1627389150116_v2_4x3-500x375.jpg\" alt=\"\" width=\"500\" height=\"375\" srcset=\"https:\/\/www.sudoestehoje.com.br\/novoportal\/wp-content\/uploads\/2021\/08\/hebert-conceicao-e-um-dos-representantes-do-brasil-no-boxe-da-toquio-2020-1627389150116_v2_4x3-500x375.jpg 500w, https:\/\/www.sudoestehoje.com.br\/novoportal\/wp-content\/uploads\/2021\/08\/hebert-conceicao-e-um-dos-representantes-do-brasil-no-boxe-da-toquio-2020-1627389150116_v2_4x3-700x525.jpg 700w, https:\/\/www.sudoestehoje.com.br\/novoportal\/wp-content\/uploads\/2021\/08\/hebert-conceicao-e-um-dos-representantes-do-brasil-no-boxe-da-toquio-2020-1627389150116_v2_4x3-768x576.jpg 768w, https:\/\/www.sudoestehoje.com.br\/novoportal\/wp-content\/uploads\/2021\/08\/hebert-conceicao-e-um-dos-representantes-do-brasil-no-boxe-da-toquio-2020-1627389150116_v2_4x3-1536x1152.jpg 1536w, https:\/\/www.sudoestehoje.com.br\/novoportal\/wp-content\/uploads\/2021\/08\/hebert-conceicao-e-um-dos-representantes-do-brasil-no-boxe-da-toquio-2020-1627389150116_v2_4x3-2048x1536.jpg 2048w\" sizes=\"auto, (max-width: 500px) 100vw, 500px\" \/><\/a><\/p>\n<p>Herbert superou o russo Gleb Bakshi, por 4 a 1, enquanto Bia bateu a finlandesa Mira Potkonen por decis\u00e3o un\u00e2nime dos ju\u00edzes (5 a 0).\u00a0Os dois boxeadores retornam ao ringue para a decis\u00e3o neste final de semana.<\/p>\n","protected":false},"excerpt":{"rendered":"<p>Herbert Concei\u00e7\u00e3o e Bia Ferreira venceram suas lutas, nesta quarta (5), e asseguraram, ao menos, duas medalhas de prata para o Brasil nas Olimp\u00edadas de T\u00f3quio, no Jap\u00e3o. Eles passaram \u00e0s finais das categorias peso m\u00e9dio masculino (75kg) e peso leve feminino (60kg). Herbert superou o russo Gleb Bakshi, por 4 a 1, enquanto Bia [&hellip;]<\/p>\n","protected":false},"author":2,"featured_media":96189,"comment_status":"open","ping_status":"open","sticky":false,"template":"","format":"standard","meta":{"footnotes":"","_links_to":"","_links_to_target":""},"categories":[1],"tags":[],"class_list":["post-96187","post","type-post","status-publish","format-standard","has-post-thumbnail","hentry","category-geral"],"views":974,"_links":{"self":[{"href":"https:\/\/www.sudoestehoje.com.br\/novoportal\/wp-json\/wp\/v2\/posts\/96187","targetHints":{"allow":["GET"]}}],"collection":[{"href":"https:\/\/www.sudoestehoje.com.br\/novoportal\/wp-json\/wp\/v2\/posts"}],"about":[{"href":"https:\/\/www.sudoestehoje.com.br\/novoportal\/wp-json\/wp\/v2\/types\/post"}],"author":[{"embeddable":true,"href":"https:\/\/www.sudoestehoje.com.br\/novoportal\/wp-json\/wp\/v2\/users\/2"}],"replies":[{"embeddable":true,"href":"https:\/\/www.sudoestehoje.com.br\/novoportal\/wp-json\/wp\/v2\/comments?post=96187"}],"version-history":[{"count":2,"href":"https:\/\/www.sudoestehoje.com.br\/novoportal\/wp-json\/wp\/v2\/posts\/96187\/revisions"}],"predecessor-version":[{"id":96191,"href":"https:\/\/www.sudoestehoje.com.br\/novoportal\/wp-json\/wp\/v2\/posts\/96187\/revisions\/96191"}],"wp:featuredmedia":[{"embeddable":true,"href":"https:\/\/www.sudoestehoje.com.br\/novoportal\/wp-json\/wp\/v2\/media\/96189"}],"wp:attachment":[{"href":"https:\/\/www.sudoestehoje.com.br\/novoportal\/wp-json\/wp\/v2\/media?parent=96187"}],"wp:term":[{"taxonomy":"category","embeddable":true,"href":"https:\/\/www.sudoestehoje.com.br\/novoportal\/wp-json\/wp\/v2\/categories?post=96187"},{"taxonomy":"post_tag","embeddable":true,"href":"https:\/\/www.sudoestehoje.com.br\/novoportal\/wp-json\/wp\/v2\/tags?post=96187"}],"curies":[{"name":"wp","href":"https:\/\/api.w.org\/{rel}","templated":true}]}}