
{"id":96168,"date":"2021-08-04T09:28:41","date_gmt":"2021-08-04T12:28:41","guid":{"rendered":"https:\/\/www.sudoestehoje.com.br\/novoportal\/?p=96168"},"modified":"2021-08-04T09:28:41","modified_gmt":"2021-08-04T12:28:41","slug":"itapetinga-sessoes-da-camara-retornam-ao-turno-da-noite-nesta-quarta","status":"publish","type":"post","link":"https:\/\/www.sudoestehoje.com.br\/novoportal\/2021\/08\/04\/itapetinga-sessoes-da-camara-retornam-ao-turno-da-noite-nesta-quarta\/","title":{"rendered":"ITAPETINGA: SESS\u00d5ES DA C\u00c2MARA RETORNAM AO TURNO DA NOITE NESTA QUARTA"},"content":{"rendered":"<p><a href=\"https:\/\/www.sudoestehoje.com.br\/novoportal\/wp-content\/uploads\/2021\/08\/Camara-de-Itapetinga.jpg\"><img loading=\"lazy\" decoding=\"async\" class=\"aligncenter size-medium wp-image-96170\" src=\"https:\/\/www.sudoestehoje.com.br\/novoportal\/wp-content\/uploads\/2021\/08\/Camara-de-Itapetinga-500x280.jpg\" alt=\"\" width=\"500\" height=\"280\" srcset=\"https:\/\/www.sudoestehoje.com.br\/novoportal\/wp-content\/uploads\/2021\/08\/Camara-de-Itapetinga-500x280.jpg 500w, https:\/\/www.sudoestehoje.com.br\/novoportal\/wp-content\/uploads\/2021\/08\/Camara-de-Itapetinga.jpg 640w\" sizes=\"auto, (max-width: 500px) 100vw, 500px\" \/><\/a><\/p>\n<p>Nesta quarta-feira (4), a partir das 19 horas, ser\u00e1 realizada a reabertura das sess\u00f5es ordin\u00e1rias da C\u00e2mara Municipal de Itapetinga. As sess\u00f5es ser\u00e3o retomadas de forma presencial ap\u00f3s o recesso parlamentar do m\u00eas de julho.<\/p>\n<p>A novidade \u00e9 que, a partir de hoje, as sess\u00f5es voltam a acontecer no turno da noite. Em raz\u00e3o da pandemia da Covid-19, o acesso do p\u00fablico ao Plen\u00e1rio Ulysses Guimar\u00e3es ser\u00e1 controlado. \u00c9 obrigat\u00f3rio o uso de m\u00e1scara, higieniza\u00e7\u00e3o frequente das m\u00e3os e respeito \u00e0s normas de distanciamento social.<\/p>\n<p>As sess\u00f5es da C\u00e2mara de Vereadores s\u00e3o transmitidas ao vivo pela Fascina\u00e7\u00e3o AM e pelo canal\u00a0<a href=\"https:\/\/www.youtube.com\/tvcamaraitapetinga\">TV C\u00e2mara Itapetinga no YouTube<\/a>. Fa\u00e7a sua inscri\u00e7\u00e3o no canal e ative o sino para receber notifica\u00e7\u00f5es de v\u00eddeos novos. Os v\u00eddeos ficam dispon\u00edveis para visualiza\u00e7\u00e3o e compartilhamento.<\/p>\n","protected":false},"excerpt":{"rendered":"<p>Nesta quarta-feira (4), a partir das 19 horas, ser\u00e1 realizada a reabertura das sess\u00f5es ordin\u00e1rias da C\u00e2mara Municipal de Itapetinga. As sess\u00f5es ser\u00e3o retomadas de forma presencial ap\u00f3s o recesso parlamentar do m\u00eas de julho. A novidade \u00e9 que, a partir de hoje, as sess\u00f5es voltam a acontecer no turno da noite. Em raz\u00e3o da [&hellip;]<\/p>\n","protected":false},"author":2,"featured_media":96170,"comment_status":"open","ping_status":"open","sticky":false,"template":"","format":"standard","meta":{"footnotes":"","_links_to":"","_links_to_target":""},"categories":[1],"tags":[],"class_list":["post-96168","post","type-post","status-publish","format-standard","has-post-thumbnail","hentry","category-geral"],"views":833,"_links":{"self":[{"href":"https:\/\/www.sudoestehoje.com.br\/novoportal\/wp-json\/wp\/v2\/posts\/96168","targetHints":{"allow":["GET"]}}],"collection":[{"href":"https:\/\/www.sudoestehoje.com.br\/novoportal\/wp-json\/wp\/v2\/posts"}],"about":[{"href":"https:\/\/www.sudoestehoje.com.br\/novoportal\/wp-json\/wp\/v2\/types\/post"}],"author":[{"embeddable":true,"href":"https:\/\/www.sudoestehoje.com.br\/novoportal\/wp-json\/wp\/v2\/users\/2"}],"replies":[{"embeddable":true,"href":"https:\/\/www.sudoestehoje.com.br\/novoportal\/wp-json\/wp\/v2\/comments?post=96168"}],"version-history":[{"count":2,"href":"https:\/\/www.sudoestehoje.com.br\/novoportal\/wp-json\/wp\/v2\/posts\/96168\/revisions"}],"predecessor-version":[{"id":96171,"href":"https:\/\/www.sudoestehoje.com.br\/novoportal\/wp-json\/wp\/v2\/posts\/96168\/revisions\/96171"}],"wp:featuredmedia":[{"embeddable":true,"href":"https:\/\/www.sudoestehoje.com.br\/novoportal\/wp-json\/wp\/v2\/media\/96170"}],"wp:attachment":[{"href":"https:\/\/www.sudoestehoje.com.br\/novoportal\/wp-json\/wp\/v2\/media?parent=96168"}],"wp:term":[{"taxonomy":"category","embeddable":true,"href":"https:\/\/www.sudoestehoje.com.br\/novoportal\/wp-json\/wp\/v2\/categories?post=96168"},{"taxonomy":"post_tag","embeddable":true,"href":"https:\/\/www.sudoestehoje.com.br\/novoportal\/wp-json\/wp\/v2\/tags?post=96168"}],"curies":[{"name":"wp","href":"https:\/\/api.w.org\/{rel}","templated":true}]}}