
{"id":96152,"date":"2021-08-03T19:37:50","date_gmt":"2021-08-03T22:37:50","guid":{"rendered":"https:\/\/www.sudoestehoje.com.br\/novoportal\/?p=96152"},"modified":"2021-08-03T19:47:05","modified_gmt":"2021-08-03T22:47:05","slug":"vereadores-de-itapetinga-recepcionam-presidente-da-camara-de-salvador","status":"publish","type":"post","link":"https:\/\/www.sudoestehoje.com.br\/novoportal\/2021\/08\/03\/vereadores-de-itapetinga-recepcionam-presidente-da-camara-de-salvador\/","title":{"rendered":"VEREADORES DE ITAPETINGA RECEPCIONAM PRESIDENTE DA C\u00c2MARA DE SALVADOR"},"content":{"rendered":"<p><a href=\"https:\/\/www.sudoestehoje.com.br\/novoportal\/wp-content\/uploads\/2021\/08\/geraldo-junior-2.jpeg\"><img loading=\"lazy\" decoding=\"async\" class=\"aligncenter size-medium wp-image-96156\" src=\"https:\/\/www.sudoestehoje.com.br\/novoportal\/wp-content\/uploads\/2021\/08\/geraldo-junior-2-500x334.jpeg\" alt=\"\" width=\"500\" height=\"334\" srcset=\"https:\/\/www.sudoestehoje.com.br\/novoportal\/wp-content\/uploads\/2021\/08\/geraldo-junior-2-500x334.jpeg 500w, https:\/\/www.sudoestehoje.com.br\/novoportal\/wp-content\/uploads\/2021\/08\/geraldo-junior-2-700x468.jpeg 700w, https:\/\/www.sudoestehoje.com.br\/novoportal\/wp-content\/uploads\/2021\/08\/geraldo-junior-2-768x513.jpeg 768w, https:\/\/www.sudoestehoje.com.br\/novoportal\/wp-content\/uploads\/2021\/08\/geraldo-junior-2.jpeg 1280w\" sizes=\"auto, (max-width: 500px) 100vw, 500px\" \/><\/a><\/p>\n<p>Na manh\u00e3 desta ter\u00e7a-feira (3), os vereadores de Itapetinga receberam a visita ilustre do vereador Geraldo Junior (MDB), presidente da C\u00e2mara Municipal de Salvador, figura destacada no meio pol\u00edtico baiano.<\/p>\n<p>Acompanhado do prefeito Rodrigo Hagge (MDB), Geraldinho Junior se reuniu com os edis de Itapetinga no plen\u00e1rio da C\u00e2mara, com a presen\u00e7a da imprensa, assessores do legislativo e da prefeitura e os presidentes das c\u00e2maras de Potiragu\u00e1, Itarantim e Caatiba, al\u00e9m de vereadores da regi\u00e3o.<\/p>\n<p><a href=\"https:\/\/www.sudoestehoje.com.br\/novoportal\/wp-content\/uploads\/2021\/08\/geraldo-junior-3.jpeg\"><img loading=\"lazy\" decoding=\"async\" class=\"aligncenter size-medium wp-image-96157\" src=\"https:\/\/www.sudoestehoje.com.br\/novoportal\/wp-content\/uploads\/2021\/08\/geraldo-junior-3-500x375.jpeg\" alt=\"\" width=\"500\" height=\"375\" srcset=\"https:\/\/www.sudoestehoje.com.br\/novoportal\/wp-content\/uploads\/2021\/08\/geraldo-junior-3-500x375.jpeg 500w, https:\/\/www.sudoestehoje.com.br\/novoportal\/wp-content\/uploads\/2021\/08\/geraldo-junior-3-700x525.jpeg 700w, https:\/\/www.sudoestehoje.com.br\/novoportal\/wp-content\/uploads\/2021\/08\/geraldo-junior-3-768x576.jpeg 768w, https:\/\/www.sudoestehoje.com.br\/novoportal\/wp-content\/uploads\/2021\/08\/geraldo-junior-3-1536x1152.jpeg 1536w, https:\/\/www.sudoestehoje.com.br\/novoportal\/wp-content\/uploads\/2021\/08\/geraldo-junior-3.jpeg 1600w\" sizes=\"auto, (max-width: 500px) 100vw, 500px\" \/><\/a><\/p>\n<p>Presentes os vereadores Valqu\u00edrio Lima, Jo\u00e3o de Deus, Luciano Almeida, Tuca, Neto Ferraz, Tiquinho, Elder Ladeia, Geg\u00ea, Manu Brand\u00e3o, Peto, Pastor Evandro, Tarug\u00e3o e Anderson da Nova.<\/p>\n<p>O encontro foi extremamente produtivo, apesar de informal, com propostas de colabora\u00e7\u00e3o m\u00fatua e acordos de colabora\u00e7\u00e3o t\u00e9cnica dominando a pauta.<\/p>\n<p><a href=\"https:\/\/www.sudoestehoje.com.br\/novoportal\/wp-content\/uploads\/2021\/08\/geraldo-junior-1.jpeg\"><img loading=\"lazy\" decoding=\"async\" class=\"aligncenter size-medium wp-image-96154\" src=\"https:\/\/www.sudoestehoje.com.br\/novoportal\/wp-content\/uploads\/2021\/08\/geraldo-junior-1-500x375.jpeg\" alt=\"\" width=\"500\" height=\"375\" srcset=\"https:\/\/www.sudoestehoje.com.br\/novoportal\/wp-content\/uploads\/2021\/08\/geraldo-junior-1-500x375.jpeg 500w, https:\/\/www.sudoestehoje.com.br\/novoportal\/wp-content\/uploads\/2021\/08\/geraldo-junior-1-700x525.jpeg 700w, https:\/\/www.sudoestehoje.com.br\/novoportal\/wp-content\/uploads\/2021\/08\/geraldo-junior-1-768x576.jpeg 768w, https:\/\/www.sudoestehoje.com.br\/novoportal\/wp-content\/uploads\/2021\/08\/geraldo-junior-1-1536x1152.jpeg 1536w, https:\/\/www.sudoestehoje.com.br\/novoportal\/wp-content\/uploads\/2021\/08\/geraldo-junior-1.jpeg 1600w\" sizes=\"auto, (max-width: 500px) 100vw, 500px\" \/><\/a><\/p>\n<p>O prefeito Rodrigo Hagge\u00a0 e o presidente Valqu\u00edrio Lima aproveitaram a oportunidade para ressaltar a boa rela\u00e7\u00e3o entre o executivo municipal e a c\u00e2mara de vereadores, citando o exemplo de Geraldo Junior como refer\u00eancia, quando foi eleito e reeleito presidente do legislativo da capital, por unanimidade e aclama\u00e7\u00e3o.<\/p>\n<p><strong><em>Por Davi Ferraz<\/em><\/strong><\/p>\n","protected":false},"excerpt":{"rendered":"<p>Na manh\u00e3 desta ter\u00e7a-feira (3), os vereadores de Itapetinga receberam a visita ilustre do vereador Geraldo Junior (MDB), presidente da C\u00e2mara Municipal de Salvador, figura destacada no meio pol\u00edtico baiano. Acompanhado do prefeito Rodrigo Hagge (MDB), Geraldinho Junior se reuniu com os edis de Itapetinga no plen\u00e1rio da C\u00e2mara, com a presen\u00e7a da imprensa, assessores [&hellip;]<\/p>\n","protected":false},"author":2,"featured_media":96156,"comment_status":"open","ping_status":"open","sticky":false,"template":"","format":"standard","meta":{"footnotes":"","_links_to":"","_links_to_target":""},"categories":[1],"tags":[],"class_list":["post-96152","post","type-post","status-publish","format-standard","has-post-thumbnail","hentry","category-geral"],"views":1124,"_links":{"self":[{"href":"https:\/\/www.sudoestehoje.com.br\/novoportal\/wp-json\/wp\/v2\/posts\/96152","targetHints":{"allow":["GET"]}}],"collection":[{"href":"https:\/\/www.sudoestehoje.com.br\/novoportal\/wp-json\/wp\/v2\/posts"}],"about":[{"href":"https:\/\/www.sudoestehoje.com.br\/novoportal\/wp-json\/wp\/v2\/types\/post"}],"author":[{"embeddable":true,"href":"https:\/\/www.sudoestehoje.com.br\/novoportal\/wp-json\/wp\/v2\/users\/2"}],"replies":[{"embeddable":true,"href":"https:\/\/www.sudoestehoje.com.br\/novoportal\/wp-json\/wp\/v2\/comments?post=96152"}],"version-history":[{"count":3,"href":"https:\/\/www.sudoestehoje.com.br\/novoportal\/wp-json\/wp\/v2\/posts\/96152\/revisions"}],"predecessor-version":[{"id":96158,"href":"https:\/\/www.sudoestehoje.com.br\/novoportal\/wp-json\/wp\/v2\/posts\/96152\/revisions\/96158"}],"wp:featuredmedia":[{"embeddable":true,"href":"https:\/\/www.sudoestehoje.com.br\/novoportal\/wp-json\/wp\/v2\/media\/96156"}],"wp:attachment":[{"href":"https:\/\/www.sudoestehoje.com.br\/novoportal\/wp-json\/wp\/v2\/media?parent=96152"}],"wp:term":[{"taxonomy":"category","embeddable":true,"href":"https:\/\/www.sudoestehoje.com.br\/novoportal\/wp-json\/wp\/v2\/categories?post=96152"},{"taxonomy":"post_tag","embeddable":true,"href":"https:\/\/www.sudoestehoje.com.br\/novoportal\/wp-json\/wp\/v2\/tags?post=96152"}],"curies":[{"name":"wp","href":"https:\/\/api.w.org\/{rel}","templated":true}]}}