
{"id":96148,"date":"2021-08-03T19:06:33","date_gmt":"2021-08-03T22:06:33","guid":{"rendered":"https:\/\/www.sudoestehoje.com.br\/novoportal\/?p=96148"},"modified":"2021-08-03T20:23:07","modified_gmt":"2021-08-03T23:23:07","slug":"apos-xingar-chef-de-cozinha-de-vagabunda-secretario-de-saude-de-rui-costa-pede-exoneracao-do-cargo","status":"publish","type":"post","link":"https:\/\/www.sudoestehoje.com.br\/novoportal\/2021\/08\/03\/apos-xingar-chef-de-cozinha-de-vagabunda-secretario-de-saude-de-rui-costa-pede-exoneracao-do-cargo\/","title":{"rendered":"AP\u00d3S XINGAR CHEF DE COZINHA DE &#8220;VAGABUNDA&#8221;, SECRET\u00c1RIO DE SA\u00daDE DE RUI COSTA \u00c9 EXONERADO DO CARGO"},"content":{"rendered":"<p><a href=\"https:\/\/www.sudoestehoje.com.br\/novoportal\/wp-content\/uploads\/2021\/08\/VILAS-BOAS-SAIU.jpg\"><img loading=\"lazy\" decoding=\"async\" class=\"aligncenter  wp-image-96150\" src=\"https:\/\/www.sudoestehoje.com.br\/novoportal\/wp-content\/uploads\/2021\/08\/VILAS-BOAS-SAIU.jpg\" alt=\"\" width=\"499\" height=\"310\" \/><\/a><\/p>\n<p>O secret\u00e1rio de Sa\u00fade da Bahia, F\u00e1bio Vilas-Boas, pediu exonera\u00e7\u00e3o do cargo, nesta ter\u00e7a-feira (3), dois dias ap\u00f3s\u00a0xingar a chef de cozinha Angeluci Figueiredo, do tradicional restaurante Preta, de &#8220;vagabunda&#8221;. A exonera\u00e7\u00e3o do cargo aconteceu horas ap\u00f3s o\u00a0governo do estado emitir uma nota sobre o epis\u00f3dio.<\/p>\n<p>Conforme nota do governo da Bahia, o cardiologista entregou, nesta ter\u00e7a, uma carta com pedido de exonera\u00e7\u00e3o do cargo e a solicita\u00e7\u00e3o foi aceita pelo governador Rui Costa. Na carta, o m\u00e9dico agradeceu a confian\u00e7a do governador e tamb\u00e9m desculpou-se por epis\u00f3dios recentes envolvendo a empres\u00e1ria Angeluci Figueiredo.<\/p>\n<p>O governo ainda informou que o substituto de F\u00e1bio Vilas-Boas ser\u00e1 anunciado nos pr\u00f3ximos dias, mas que, interinamente, a Sesab ser\u00e1 conduzida pela subsecret\u00e1ria Tereza Paim.<\/p>\n","protected":false},"excerpt":{"rendered":"<p>O secret\u00e1rio de Sa\u00fade da Bahia, F\u00e1bio Vilas-Boas, pediu exonera\u00e7\u00e3o do cargo, nesta ter\u00e7a-feira (3), dois dias ap\u00f3s\u00a0xingar a chef de cozinha Angeluci Figueiredo, do tradicional restaurante Preta, de &#8220;vagabunda&#8221;. A exonera\u00e7\u00e3o do cargo aconteceu horas ap\u00f3s o\u00a0governo do estado emitir uma nota sobre o epis\u00f3dio. Conforme nota do governo da Bahia, o cardiologista entregou, [&hellip;]<\/p>\n","protected":false},"author":2,"featured_media":96150,"comment_status":"open","ping_status":"open","sticky":false,"template":"","format":"standard","meta":{"footnotes":"","_links_to":"","_links_to_target":""},"categories":[1],"tags":[],"class_list":["post-96148","post","type-post","status-publish","format-standard","has-post-thumbnail","hentry","category-geral"],"views":1108,"_links":{"self":[{"href":"https:\/\/www.sudoestehoje.com.br\/novoportal\/wp-json\/wp\/v2\/posts\/96148","targetHints":{"allow":["GET"]}}],"collection":[{"href":"https:\/\/www.sudoestehoje.com.br\/novoportal\/wp-json\/wp\/v2\/posts"}],"about":[{"href":"https:\/\/www.sudoestehoje.com.br\/novoportal\/wp-json\/wp\/v2\/types\/post"}],"author":[{"embeddable":true,"href":"https:\/\/www.sudoestehoje.com.br\/novoportal\/wp-json\/wp\/v2\/users\/2"}],"replies":[{"embeddable":true,"href":"https:\/\/www.sudoestehoje.com.br\/novoportal\/wp-json\/wp\/v2\/comments?post=96148"}],"version-history":[{"count":3,"href":"https:\/\/www.sudoestehoje.com.br\/novoportal\/wp-json\/wp\/v2\/posts\/96148\/revisions"}],"predecessor-version":[{"id":96159,"href":"https:\/\/www.sudoestehoje.com.br\/novoportal\/wp-json\/wp\/v2\/posts\/96148\/revisions\/96159"}],"wp:featuredmedia":[{"embeddable":true,"href":"https:\/\/www.sudoestehoje.com.br\/novoportal\/wp-json\/wp\/v2\/media\/96150"}],"wp:attachment":[{"href":"https:\/\/www.sudoestehoje.com.br\/novoportal\/wp-json\/wp\/v2\/media?parent=96148"}],"wp:term":[{"taxonomy":"category","embeddable":true,"href":"https:\/\/www.sudoestehoje.com.br\/novoportal\/wp-json\/wp\/v2\/categories?post=96148"},{"taxonomy":"post_tag","embeddable":true,"href":"https:\/\/www.sudoestehoje.com.br\/novoportal\/wp-json\/wp\/v2\/tags?post=96148"}],"curies":[{"name":"wp","href":"https:\/\/api.w.org\/{rel}","templated":true}]}}