
{"id":96143,"date":"2021-08-03T09:22:42","date_gmt":"2021-08-03T12:22:42","guid":{"rendered":"https:\/\/www.sudoestehoje.com.br\/novoportal\/?p=96143"},"modified":"2021-08-03T09:22:42","modified_gmt":"2021-08-03T12:22:42","slug":"martine-grael-e-kahena-kunze-conquistam-medalha-de-ouro-na-vela-para-o-brasil","status":"publish","type":"post","link":"https:\/\/www.sudoestehoje.com.br\/novoportal\/2021\/08\/03\/martine-grael-e-kahena-kunze-conquistam-medalha-de-ouro-na-vela-para-o-brasil\/","title":{"rendered":"MARTINE GRAEL E KAHENA KUNZE CONQUISTAM MEDALHA DE OURO NA VELA PARA O BRASIL"},"content":{"rendered":"<p><a href=\"https:\/\/www.sudoestehoje.com.br\/novoportal\/wp-content\/uploads\/2021\/08\/martine-kahena-1.jpg\"><img loading=\"lazy\" decoding=\"async\" class=\"aligncenter size-medium wp-image-96146\" src=\"https:\/\/www.sudoestehoje.com.br\/novoportal\/wp-content\/uploads\/2021\/08\/martine-kahena-1-500x419.jpg\" alt=\"\" width=\"500\" height=\"419\" srcset=\"https:\/\/www.sudoestehoje.com.br\/novoportal\/wp-content\/uploads\/2021\/08\/martine-kahena-1-500x419.jpg 500w, https:\/\/www.sudoestehoje.com.br\/novoportal\/wp-content\/uploads\/2021\/08\/martine-kahena-1-700x587.jpg 700w, https:\/\/www.sudoestehoje.com.br\/novoportal\/wp-content\/uploads\/2021\/08\/martine-kahena-1-768x644.jpg 768w, https:\/\/www.sudoestehoje.com.br\/novoportal\/wp-content\/uploads\/2021\/08\/martine-kahena-1.jpg 1200w\" sizes=\"auto, (max-width: 500px) 100vw, 500px\" \/><\/a><\/p>\n<p>Elas fazem um ouro ol\u00edmpico at\u00e9 parecer f\u00e1cil. Com uma largada excelente, Martine Grael e Kahena Kunze administraram com tranquilidade a briga com as rivais e conquistaram, nesta ter\u00e7a-feira, na ba\u00eda de Enoshima, a medalha de ouro na classe 49erFX de vela.<\/p>\n<p>Na \u00faltima regata, elas ficaram em terceiro lugar, mas \u00e0 frente das advers\u00e1rias diretas pelo t\u00edtulo, as holandesas Annemiek Bekkering e Anette Duetz, e as alem\u00e3s Tina Lutz e Susann Beucke. \u00c9 a 19\u00aa medalha da vela brasileira em Olimp\u00edadas.<\/p>\n","protected":false},"excerpt":{"rendered":"<p>Elas fazem um ouro ol\u00edmpico at\u00e9 parecer f\u00e1cil. Com uma largada excelente, Martine Grael e Kahena Kunze administraram com tranquilidade a briga com as rivais e conquistaram, nesta ter\u00e7a-feira, na ba\u00eda de Enoshima, a medalha de ouro na classe 49erFX de vela. Na \u00faltima regata, elas ficaram em terceiro lugar, mas \u00e0 frente das advers\u00e1rias [&hellip;]<\/p>\n","protected":false},"author":2,"featured_media":96146,"comment_status":"open","ping_status":"open","sticky":false,"template":"","format":"standard","meta":{"footnotes":"","_links_to":"","_links_to_target":""},"categories":[1],"tags":[],"class_list":["post-96143","post","type-post","status-publish","format-standard","has-post-thumbnail","hentry","category-geral"],"views":933,"_links":{"self":[{"href":"https:\/\/www.sudoestehoje.com.br\/novoportal\/wp-json\/wp\/v2\/posts\/96143","targetHints":{"allow":["GET"]}}],"collection":[{"href":"https:\/\/www.sudoestehoje.com.br\/novoportal\/wp-json\/wp\/v2\/posts"}],"about":[{"href":"https:\/\/www.sudoestehoje.com.br\/novoportal\/wp-json\/wp\/v2\/types\/post"}],"author":[{"embeddable":true,"href":"https:\/\/www.sudoestehoje.com.br\/novoportal\/wp-json\/wp\/v2\/users\/2"}],"replies":[{"embeddable":true,"href":"https:\/\/www.sudoestehoje.com.br\/novoportal\/wp-json\/wp\/v2\/comments?post=96143"}],"version-history":[{"count":2,"href":"https:\/\/www.sudoestehoje.com.br\/novoportal\/wp-json\/wp\/v2\/posts\/96143\/revisions"}],"predecessor-version":[{"id":96147,"href":"https:\/\/www.sudoestehoje.com.br\/novoportal\/wp-json\/wp\/v2\/posts\/96143\/revisions\/96147"}],"wp:featuredmedia":[{"embeddable":true,"href":"https:\/\/www.sudoestehoje.com.br\/novoportal\/wp-json\/wp\/v2\/media\/96146"}],"wp:attachment":[{"href":"https:\/\/www.sudoestehoje.com.br\/novoportal\/wp-json\/wp\/v2\/media?parent=96143"}],"wp:term":[{"taxonomy":"category","embeddable":true,"href":"https:\/\/www.sudoestehoje.com.br\/novoportal\/wp-json\/wp\/v2\/categories?post=96143"},{"taxonomy":"post_tag","embeddable":true,"href":"https:\/\/www.sudoestehoje.com.br\/novoportal\/wp-json\/wp\/v2\/tags?post=96143"}],"curies":[{"name":"wp","href":"https:\/\/api.w.org\/{rel}","templated":true}]}}