
{"id":96137,"date":"2021-08-03T08:59:18","date_gmt":"2021-08-03T11:59:18","guid":{"rendered":"https:\/\/www.sudoestehoje.com.br\/novoportal\/?p=96137"},"modified":"2021-08-03T08:59:18","modified_gmt":"2021-08-03T11:59:18","slug":"toquio-2021-alison-dos-santos-conquista-medalha-de-bronze-para-o-brasil-nos-400-metros-com-barreira","status":"publish","type":"post","link":"https:\/\/www.sudoestehoje.com.br\/novoportal\/2021\/08\/03\/toquio-2021-alison-dos-santos-conquista-medalha-de-bronze-para-o-brasil-nos-400-metros-com-barreira\/","title":{"rendered":"T\u00d3QUIO 2021: ALISON DOS SANTOS CONQUISTA MEDALHA DE BRONZE PARA O BRASIL NOS 400 METROS COM BARREIRA"},"content":{"rendered":"<p><a href=\"https:\/\/www.sudoestehoje.com.br\/novoportal\/wp-content\/uploads\/2021\/08\/ALISON.jpg\"><img loading=\"lazy\" decoding=\"async\" class=\"aligncenter size-medium wp-image-96140\" src=\"https:\/\/www.sudoestehoje.com.br\/novoportal\/wp-content\/uploads\/2021\/08\/ALISON-500x333.jpg\" alt=\"\" width=\"500\" height=\"333\" srcset=\"https:\/\/www.sudoestehoje.com.br\/novoportal\/wp-content\/uploads\/2021\/08\/ALISON-500x333.jpg 500w, https:\/\/www.sudoestehoje.com.br\/novoportal\/wp-content\/uploads\/2021\/08\/ALISON-700x467.jpg 700w, https:\/\/www.sudoestehoje.com.br\/novoportal\/wp-content\/uploads\/2021\/08\/ALISON-768x512.jpg 768w, https:\/\/www.sudoestehoje.com.br\/novoportal\/wp-content\/uploads\/2021\/08\/ALISON.jpg 984w\" sizes=\"auto, (max-width: 500px) 100vw, 500px\" \/><\/a><\/p>\n<p>Na madrugada desta ter\u00e7a-feira (hor\u00e1rio de Bras\u00edlia), o brasileiro Alison dos Santos, ou &#8216;Piu&#8217;, como \u00e9 apelidado, foi medalha de bronze na prova dos 400 metros com barreira. Aos 21 anos, o atleta cravou a marca de 46s72, novo recorde sul-americano.<\/p>\n<p>Fechando o p\u00f3dio, o ouro ficou com o noruegu\u00eas Karsten Warholm, com novo recorde mundial (45s94), e a prata acabou com o norte-americano Rai Benjamin (46s17).<\/p>\n<p>Foi a primeira medalha brasileira no atletismo nas Olimp\u00edadas de T\u00f3quio e a 18\u00aa da modalidade em todos os tempos. A marca feita por Piu \u00e9 a quarta mais r\u00e1pida de todos os tempos, inferior apenas aos tempos dos dois primeiros colocados nesta ter\u00e7a-feira a ao recorde mundial anterior de Warholm (46s70).<\/p>\n","protected":false},"excerpt":{"rendered":"<p>Na madrugada desta ter\u00e7a-feira (hor\u00e1rio de Bras\u00edlia), o brasileiro Alison dos Santos, ou &#8216;Piu&#8217;, como \u00e9 apelidado, foi medalha de bronze na prova dos 400 metros com barreira. Aos 21 anos, o atleta cravou a marca de 46s72, novo recorde sul-americano. Fechando o p\u00f3dio, o ouro ficou com o noruegu\u00eas Karsten Warholm, com novo recorde [&hellip;]<\/p>\n","protected":false},"author":2,"featured_media":96140,"comment_status":"open","ping_status":"open","sticky":false,"template":"","format":"standard","meta":{"footnotes":"","_links_to":"","_links_to_target":""},"categories":[1],"tags":[],"class_list":["post-96137","post","type-post","status-publish","format-standard","has-post-thumbnail","hentry","category-geral"],"views":898,"_links":{"self":[{"href":"https:\/\/www.sudoestehoje.com.br\/novoportal\/wp-json\/wp\/v2\/posts\/96137","targetHints":{"allow":["GET"]}}],"collection":[{"href":"https:\/\/www.sudoestehoje.com.br\/novoportal\/wp-json\/wp\/v2\/posts"}],"about":[{"href":"https:\/\/www.sudoestehoje.com.br\/novoportal\/wp-json\/wp\/v2\/types\/post"}],"author":[{"embeddable":true,"href":"https:\/\/www.sudoestehoje.com.br\/novoportal\/wp-json\/wp\/v2\/users\/2"}],"replies":[{"embeddable":true,"href":"https:\/\/www.sudoestehoje.com.br\/novoportal\/wp-json\/wp\/v2\/comments?post=96137"}],"version-history":[{"count":4,"href":"https:\/\/www.sudoestehoje.com.br\/novoportal\/wp-json\/wp\/v2\/posts\/96137\/revisions"}],"predecessor-version":[{"id":96142,"href":"https:\/\/www.sudoestehoje.com.br\/novoportal\/wp-json\/wp\/v2\/posts\/96137\/revisions\/96142"}],"wp:featuredmedia":[{"embeddable":true,"href":"https:\/\/www.sudoestehoje.com.br\/novoportal\/wp-json\/wp\/v2\/media\/96140"}],"wp:attachment":[{"href":"https:\/\/www.sudoestehoje.com.br\/novoportal\/wp-json\/wp\/v2\/media?parent=96137"}],"wp:term":[{"taxonomy":"category","embeddable":true,"href":"https:\/\/www.sudoestehoje.com.br\/novoportal\/wp-json\/wp\/v2\/categories?post=96137"},{"taxonomy":"post_tag","embeddable":true,"href":"https:\/\/www.sudoestehoje.com.br\/novoportal\/wp-json\/wp\/v2\/tags?post=96137"}],"curies":[{"name":"wp","href":"https:\/\/api.w.org\/{rel}","templated":true}]}}