
{"id":96127,"date":"2021-08-02T21:50:37","date_gmt":"2021-08-03T00:50:37","guid":{"rendered":"https:\/\/www.sudoestehoje.com.br\/novoportal\/?p=96127"},"modified":"2021-08-02T21:50:37","modified_gmt":"2021-08-03T00:50:37","slug":"bolsonaro-sinaliza-com-a-possibilidade-da-volta-do-horario-de-verao-em-2021","status":"publish","type":"post","link":"https:\/\/www.sudoestehoje.com.br\/novoportal\/2021\/08\/02\/bolsonaro-sinaliza-com-a-possibilidade-da-volta-do-horario-de-verao-em-2021\/","title":{"rendered":"BOLSONARO SINALIZA COM A POSSIBILIDADE DA VOLTA DO HOR\u00c1RIO DE VER\u00c3O EM 2021"},"content":{"rendered":"<p><a href=\"https:\/\/www.sudoestehoje.com.br\/novoportal\/wp-content\/uploads\/2021\/08\/51340329689_1360a940b6_o-1.jpg\"><img loading=\"lazy\" decoding=\"async\" class=\"aligncenter size-medium wp-image-96129\" src=\"https:\/\/www.sudoestehoje.com.br\/novoportal\/wp-content\/uploads\/2021\/08\/51340329689_1360a940b6_o-1-500x333.jpg\" alt=\"\" width=\"500\" height=\"333\" srcset=\"https:\/\/www.sudoestehoje.com.br\/novoportal\/wp-content\/uploads\/2021\/08\/51340329689_1360a940b6_o-1-500x333.jpg 500w, https:\/\/www.sudoestehoje.com.br\/novoportal\/wp-content\/uploads\/2021\/08\/51340329689_1360a940b6_o-1.jpg 680w\" sizes=\"auto, (max-width: 500px) 100vw, 500px\" \/><\/a><\/p>\n<p>O presidente\u00a0<a href=\"https:\/\/exame.com\/noticias-sobre\/jair-bolsonaro\/\" target=\"_blank\" rel=\"noopener noreferrer\"><strong>Jair Bolsonaro\u00a0<\/strong><\/a>(sem partido) afirmou nesta segunda-feira que o\u00a0<a href=\"https:\/\/exame.com\/noticias-sobre\/horario-de-verao\/\" target=\"_blank\" rel=\"noopener noreferrer\"><strong>hor\u00e1rio de ver\u00e3o<\/strong><\/a>\u00a0pode ser retomado caso a maioria da popula\u00e7\u00e3o apoie a medida. Bolsonaro extinguiu o hor\u00e1rio especial em seu primeiro ano de governo, argumento que n\u00e3o havia benef\u00edcio econ\u00f4mico.<\/p>\n<p>Recentemente, entidades do setor de turismo e de restaurantes enviaram um documento a Bolsonaro pedindo o retorno do hor\u00e1rio de ver\u00e3o ainda em 2021. Os empres\u00e1rios explicam que o hor\u00e1rio de ver\u00e3o impacta positivamente nos neg\u00f3cios porque adiciona uma hora para receber turistas e clientes, apesar de n\u00e3o ter grande impacto no consumo de energia.<\/p>\n<p>O presidente disse saber que alguns setores defendem a volta, mas afirmou que no momento n\u00e3o v\u00ea &#8220;apoio popular&#8221;. Bolsonaro n\u00e3o explicou, no entanto, como seria medido o apoio da popula\u00e7\u00e3o.<\/p>\n","protected":false},"excerpt":{"rendered":"<p>O presidente\u00a0Jair Bolsonaro\u00a0(sem partido) afirmou nesta segunda-feira que o\u00a0hor\u00e1rio de ver\u00e3o\u00a0pode ser retomado caso a maioria da popula\u00e7\u00e3o apoie a medida. Bolsonaro extinguiu o hor\u00e1rio especial em seu primeiro ano de governo, argumento que n\u00e3o havia benef\u00edcio econ\u00f4mico. Recentemente, entidades do setor de turismo e de restaurantes enviaram um documento a Bolsonaro pedindo o retorno [&hellip;]<\/p>\n","protected":false},"author":2,"featured_media":96129,"comment_status":"open","ping_status":"open","sticky":false,"template":"","format":"standard","meta":{"footnotes":"","_links_to":"","_links_to_target":""},"categories":[1],"tags":[],"class_list":["post-96127","post","type-post","status-publish","format-standard","has-post-thumbnail","hentry","category-geral"],"views":909,"_links":{"self":[{"href":"https:\/\/www.sudoestehoje.com.br\/novoportal\/wp-json\/wp\/v2\/posts\/96127","targetHints":{"allow":["GET"]}}],"collection":[{"href":"https:\/\/www.sudoestehoje.com.br\/novoportal\/wp-json\/wp\/v2\/posts"}],"about":[{"href":"https:\/\/www.sudoestehoje.com.br\/novoportal\/wp-json\/wp\/v2\/types\/post"}],"author":[{"embeddable":true,"href":"https:\/\/www.sudoestehoje.com.br\/novoportal\/wp-json\/wp\/v2\/users\/2"}],"replies":[{"embeddable":true,"href":"https:\/\/www.sudoestehoje.com.br\/novoportal\/wp-json\/wp\/v2\/comments?post=96127"}],"version-history":[{"count":4,"href":"https:\/\/www.sudoestehoje.com.br\/novoportal\/wp-json\/wp\/v2\/posts\/96127\/revisions"}],"predecessor-version":[{"id":96132,"href":"https:\/\/www.sudoestehoje.com.br\/novoportal\/wp-json\/wp\/v2\/posts\/96127\/revisions\/96132"}],"wp:featuredmedia":[{"embeddable":true,"href":"https:\/\/www.sudoestehoje.com.br\/novoportal\/wp-json\/wp\/v2\/media\/96129"}],"wp:attachment":[{"href":"https:\/\/www.sudoestehoje.com.br\/novoportal\/wp-json\/wp\/v2\/media?parent=96127"}],"wp:term":[{"taxonomy":"category","embeddable":true,"href":"https:\/\/www.sudoestehoje.com.br\/novoportal\/wp-json\/wp\/v2\/categories?post=96127"},{"taxonomy":"post_tag","embeddable":true,"href":"https:\/\/www.sudoestehoje.com.br\/novoportal\/wp-json\/wp\/v2\/tags?post=96127"}],"curies":[{"name":"wp","href":"https:\/\/api.w.org\/{rel}","templated":true}]}}