
{"id":96123,"date":"2021-08-02T17:20:52","date_gmt":"2021-08-02T20:20:52","guid":{"rendered":"https:\/\/www.sudoestehoje.com.br\/novoportal\/?p=96123"},"modified":"2021-08-02T17:20:52","modified_gmt":"2021-08-02T20:20:52","slug":"brasil-portugal-antonio-brito-participa-de-encontro-entre-o-presidente-de-portugal-e-o-da-camara-dos-deputados","status":"publish","type":"post","link":"https:\/\/www.sudoestehoje.com.br\/novoportal\/2021\/08\/02\/brasil-portugal-antonio-brito-participa-de-encontro-entre-o-presidente-de-portugal-e-o-da-camara-dos-deputados\/","title":{"rendered":"BRASIL-PORTUGAL: ANT\u00d4NIO BRITO PARTICIPA DE ENCONTRO ENTRE O PRESIDENTE DE PORTUGAL E O DA C\u00c2MARA DOS DEPUTADOS"},"content":{"rendered":"<p><a href=\"https:\/\/www.sudoestehoje.com.br\/novoportal\/wp-content\/uploads\/2021\/08\/BRITO-PRESIDENTE-PORTUGAL.jpeg\"><img loading=\"lazy\" decoding=\"async\" class=\"aligncenter size-medium wp-image-96125\" src=\"https:\/\/www.sudoestehoje.com.br\/novoportal\/wp-content\/uploads\/2021\/08\/BRITO-PRESIDENTE-PORTUGAL-500x333.jpeg\" alt=\"\" width=\"500\" height=\"333\" srcset=\"https:\/\/www.sudoestehoje.com.br\/novoportal\/wp-content\/uploads\/2021\/08\/BRITO-PRESIDENTE-PORTUGAL-500x333.jpeg 500w, https:\/\/www.sudoestehoje.com.br\/novoportal\/wp-content\/uploads\/2021\/08\/BRITO-PRESIDENTE-PORTUGAL-700x466.jpeg 700w, https:\/\/www.sudoestehoje.com.br\/novoportal\/wp-content\/uploads\/2021\/08\/BRITO-PRESIDENTE-PORTUGAL-768x512.jpeg 768w, https:\/\/www.sudoestehoje.com.br\/novoportal\/wp-content\/uploads\/2021\/08\/BRITO-PRESIDENTE-PORTUGAL.jpeg 1280w\" sizes=\"auto, (max-width: 500px) 100vw, 500px\" \/><\/a><\/p>\n<p>Na manh\u00e3 desta segunda-feira (2), o presidente do Grupo Parlamentar Brasil-Portugal e l\u00edder da bancada do PSD, deputado federal Antonio Brito, acompanhou o encontro entre o presidente da Rep\u00fablica de Portugal, Marcelo Rebelo de Sousa, e o presidente da C\u00e2mara dos Deputados, Arthur Lira.<\/p>\n<p>Durante a reuni\u00e3o, realizada em Bras\u00edlia, na Embaixada de Portugal, foram debatidos os impactos provocados pela pandemia da Covid-19; a retomada dos trabalhos no parlamento brasileiro; assim como o Acordo Mercosul-Uni\u00e3o Europeia, no contexto da pol\u00edtica ambiental.<\/p>\n","protected":false},"excerpt":{"rendered":"<p>Na manh\u00e3 desta segunda-feira (2), o presidente do Grupo Parlamentar Brasil-Portugal e l\u00edder da bancada do PSD, deputado federal Antonio Brito, acompanhou o encontro entre o presidente da Rep\u00fablica de Portugal, Marcelo Rebelo de Sousa, e o presidente da C\u00e2mara dos Deputados, Arthur Lira. Durante a reuni\u00e3o, realizada em Bras\u00edlia, na Embaixada de Portugal, foram [&hellip;]<\/p>\n","protected":false},"author":2,"featured_media":96125,"comment_status":"open","ping_status":"open","sticky":false,"template":"","format":"standard","meta":{"footnotes":"","_links_to":"","_links_to_target":""},"categories":[1],"tags":[],"class_list":["post-96123","post","type-post","status-publish","format-standard","has-post-thumbnail","hentry","category-geral"],"views":956,"_links":{"self":[{"href":"https:\/\/www.sudoestehoje.com.br\/novoportal\/wp-json\/wp\/v2\/posts\/96123","targetHints":{"allow":["GET"]}}],"collection":[{"href":"https:\/\/www.sudoestehoje.com.br\/novoportal\/wp-json\/wp\/v2\/posts"}],"about":[{"href":"https:\/\/www.sudoestehoje.com.br\/novoportal\/wp-json\/wp\/v2\/types\/post"}],"author":[{"embeddable":true,"href":"https:\/\/www.sudoestehoje.com.br\/novoportal\/wp-json\/wp\/v2\/users\/2"}],"replies":[{"embeddable":true,"href":"https:\/\/www.sudoestehoje.com.br\/novoportal\/wp-json\/wp\/v2\/comments?post=96123"}],"version-history":[{"count":2,"href":"https:\/\/www.sudoestehoje.com.br\/novoportal\/wp-json\/wp\/v2\/posts\/96123\/revisions"}],"predecessor-version":[{"id":96126,"href":"https:\/\/www.sudoestehoje.com.br\/novoportal\/wp-json\/wp\/v2\/posts\/96123\/revisions\/96126"}],"wp:featuredmedia":[{"embeddable":true,"href":"https:\/\/www.sudoestehoje.com.br\/novoportal\/wp-json\/wp\/v2\/media\/96125"}],"wp:attachment":[{"href":"https:\/\/www.sudoestehoje.com.br\/novoportal\/wp-json\/wp\/v2\/media?parent=96123"}],"wp:term":[{"taxonomy":"category","embeddable":true,"href":"https:\/\/www.sudoestehoje.com.br\/novoportal\/wp-json\/wp\/v2\/categories?post=96123"},{"taxonomy":"post_tag","embeddable":true,"href":"https:\/\/www.sudoestehoje.com.br\/novoportal\/wp-json\/wp\/v2\/tags?post=96123"}],"curies":[{"name":"wp","href":"https:\/\/api.w.org\/{rel}","templated":true}]}}