
{"id":96118,"date":"2021-08-02T11:38:46","date_gmt":"2021-08-02T14:38:46","guid":{"rendered":"https:\/\/www.sudoestehoje.com.br\/novoportal\/?p=96118"},"modified":"2021-08-02T11:38:46","modified_gmt":"2021-08-02T14:38:46","slug":"saae-fornecimento-de-agua-sera-suspenso-para-as-vilas-nesta-terca","status":"publish","type":"post","link":"https:\/\/www.sudoestehoje.com.br\/novoportal\/2021\/08\/02\/saae-fornecimento-de-agua-sera-suspenso-para-as-vilas-nesta-terca\/","title":{"rendered":"SAAE: FORNECIMENTO DE \u00c1GUA SER\u00c1 SUSPENSO PARA AS VILAS NESTA TER\u00c7A"},"content":{"rendered":"<p><a href=\"https:\/\/www.sudoestehoje.com.br\/novoportal\/wp-content\/uploads\/2021\/08\/SAAE-500x500-4.jpg\"><img loading=\"lazy\" decoding=\"async\" class=\"aligncenter size-full wp-image-96121\" src=\"https:\/\/www.sudoestehoje.com.br\/novoportal\/wp-content\/uploads\/2021\/08\/SAAE-500x500-4.jpg\" alt=\"\" width=\"500\" height=\"500\" srcset=\"https:\/\/www.sudoestehoje.com.br\/novoportal\/wp-content\/uploads\/2021\/08\/SAAE-500x500-4.jpg 500w, https:\/\/www.sudoestehoje.com.br\/novoportal\/wp-content\/uploads\/2021\/08\/SAAE-500x500-4-150x150.jpg 150w\" sizes=\"auto, (max-width: 500px) 100vw, 500px\" \/><\/a><\/p>\n<p>Uma necess\u00e1ria interven\u00e7\u00e3o para substitui\u00e7\u00e3o de pe\u00e7as na bomba d\u2019\u00e1gua da Esta\u00e7\u00e3o Elevat\u00f3ria da Vila Riach\u00e3o provocar\u00e1 a interrup\u00e7\u00e3o do fornecimento de \u00e1gua para todas as vilas (<strong>VILA ROSA, VILA RIACH\u00c3O, VILA AURORA, VILA ISABEL, CLEROL\u00c2NDIA, CIDADE JARDIM<\/strong>) e para os residenciais\u00a0<strong>Cassiano Gon\u00e7alves e Neto Fernandes, neste ter\u00e7a-feira, 03\/08, das 7:00h \u00e0s 17:30h<\/strong>.<\/p>\n<p>Solicitamos aos usu\u00e1rios que economizem no uso da \u00e1gua do seu reservat\u00f3rio residencial para que n\u00e3o fiquem sem \u00e1gua durante a execu\u00e7\u00e3o do servi\u00e7o.<\/p>\n<p>Agradecemos a aten\u00e7\u00e3o e compreens\u00e3o de todos.<\/p>\n<p>A Dire\u00e7\u00e3o<\/p>\n","protected":false},"excerpt":{"rendered":"<p>Uma necess\u00e1ria interven\u00e7\u00e3o para substitui\u00e7\u00e3o de pe\u00e7as na bomba d\u2019\u00e1gua da Esta\u00e7\u00e3o Elevat\u00f3ria da Vila Riach\u00e3o provocar\u00e1 a interrup\u00e7\u00e3o do fornecimento de \u00e1gua para todas as vilas (VILA ROSA, VILA RIACH\u00c3O, VILA AURORA, VILA ISABEL, CLEROL\u00c2NDIA, CIDADE JARDIM) e para os residenciais\u00a0Cassiano Gon\u00e7alves e Neto Fernandes, neste ter\u00e7a-feira, 03\/08, das 7:00h \u00e0s 17:30h. Solicitamos aos [&hellip;]<\/p>\n","protected":false},"author":2,"featured_media":96121,"comment_status":"open","ping_status":"open","sticky":false,"template":"","format":"standard","meta":{"footnotes":"","_links_to":"","_links_to_target":""},"categories":[1],"tags":[],"class_list":["post-96118","post","type-post","status-publish","format-standard","has-post-thumbnail","hentry","category-geral"],"views":732,"_links":{"self":[{"href":"https:\/\/www.sudoestehoje.com.br\/novoportal\/wp-json\/wp\/v2\/posts\/96118","targetHints":{"allow":["GET"]}}],"collection":[{"href":"https:\/\/www.sudoestehoje.com.br\/novoportal\/wp-json\/wp\/v2\/posts"}],"about":[{"href":"https:\/\/www.sudoestehoje.com.br\/novoportal\/wp-json\/wp\/v2\/types\/post"}],"author":[{"embeddable":true,"href":"https:\/\/www.sudoestehoje.com.br\/novoportal\/wp-json\/wp\/v2\/users\/2"}],"replies":[{"embeddable":true,"href":"https:\/\/www.sudoestehoje.com.br\/novoportal\/wp-json\/wp\/v2\/comments?post=96118"}],"version-history":[{"count":2,"href":"https:\/\/www.sudoestehoje.com.br\/novoportal\/wp-json\/wp\/v2\/posts\/96118\/revisions"}],"predecessor-version":[{"id":96122,"href":"https:\/\/www.sudoestehoje.com.br\/novoportal\/wp-json\/wp\/v2\/posts\/96118\/revisions\/96122"}],"wp:featuredmedia":[{"embeddable":true,"href":"https:\/\/www.sudoestehoje.com.br\/novoportal\/wp-json\/wp\/v2\/media\/96121"}],"wp:attachment":[{"href":"https:\/\/www.sudoestehoje.com.br\/novoportal\/wp-json\/wp\/v2\/media?parent=96118"}],"wp:term":[{"taxonomy":"category","embeddable":true,"href":"https:\/\/www.sudoestehoje.com.br\/novoportal\/wp-json\/wp\/v2\/categories?post=96118"},{"taxonomy":"post_tag","embeddable":true,"href":"https:\/\/www.sudoestehoje.com.br\/novoportal\/wp-json\/wp\/v2\/tags?post=96118"}],"curies":[{"name":"wp","href":"https:\/\/api.w.org\/{rel}","templated":true}]}}