
{"id":96103,"date":"2021-08-01T23:24:28","date_gmt":"2021-08-02T02:24:28","guid":{"rendered":"https:\/\/www.sudoestehoje.com.br\/novoportal\/?p=96103"},"modified":"2021-08-01T23:27:38","modified_gmt":"2021-08-02T02:27:38","slug":"itapetinga-pessoas-com-28-anos-serao-vacinadas-a-partir-desta-segunda","status":"publish","type":"post","link":"https:\/\/www.sudoestehoje.com.br\/novoportal\/2021\/08\/01\/itapetinga-pessoas-com-28-anos-serao-vacinadas-a-partir-desta-segunda\/","title":{"rendered":"ITAPETINGA: PESSOAS COM 28 ANOS SER\u00c3O VACINADAS A PARTIR DESTA SEGUNDA"},"content":{"rendered":"<p><a href=\"https:\/\/www.sudoestehoje.com.br\/novoportal\/wp-content\/uploads\/2021\/08\/VACINA-JOVENS.jpeg\"><img loading=\"lazy\" decoding=\"async\" class=\"aligncenter size-medium wp-image-96104\" src=\"https:\/\/www.sudoestehoje.com.br\/novoportal\/wp-content\/uploads\/2021\/08\/VACINA-JOVENS-500x273.jpeg\" alt=\"\" width=\"500\" height=\"273\" srcset=\"https:\/\/www.sudoestehoje.com.br\/novoportal\/wp-content\/uploads\/2021\/08\/VACINA-JOVENS-500x273.jpeg 500w, https:\/\/www.sudoestehoje.com.br\/novoportal\/wp-content\/uploads\/2021\/08\/VACINA-JOVENS.jpeg 660w\" sizes=\"auto, (max-width: 500px) 100vw, 500px\" \/><\/a><\/p>\n<p>A partir desta segunda-feira (2), pessoas com 28 anos ou mais j\u00e1 podem ser imunizadas. A prefeitura continua, ainda, com a aplica\u00e7\u00e3o da segunda dose da Astrazeneca. J\u00e1 completou 28 anos? Corre para o posto mais pr\u00f3ximo. Recebeu a primeira dose da Astrazeneca h\u00e1 90 dias? Confere a anota\u00e7\u00e3o no seu cart\u00e3o de vacina\u00e7\u00e3o. Se j\u00e1 estiver no prazo, corre para completar sua imuniza\u00e7\u00e3o. Estamos cada dia mais pr\u00f3ximos de vencermos o coronav\u00edrus. <em><strong>\/\/Ascom<\/strong><\/em><\/p>\n<p><a href=\"https:\/\/www.sudoestehoje.com.br\/novoportal\/wp-content\/uploads\/2021\/08\/VACINA-28-ANOS.jpg\"><img loading=\"lazy\" decoding=\"async\" class=\"aligncenter size-medium wp-image-96106\" src=\"https:\/\/www.sudoestehoje.com.br\/novoportal\/wp-content\/uploads\/2021\/08\/VACINA-28-ANOS-500x574.jpg\" alt=\"\" width=\"500\" height=\"574\" srcset=\"https:\/\/www.sudoestehoje.com.br\/novoportal\/wp-content\/uploads\/2021\/08\/VACINA-28-ANOS-500x574.jpg 500w, https:\/\/www.sudoestehoje.com.br\/novoportal\/wp-content\/uploads\/2021\/08\/VACINA-28-ANOS-700x804.jpg 700w, https:\/\/www.sudoestehoje.com.br\/novoportal\/wp-content\/uploads\/2021\/08\/VACINA-28-ANOS-768x882.jpg 768w, https:\/\/www.sudoestehoje.com.br\/novoportal\/wp-content\/uploads\/2021\/08\/VACINA-28-ANOS.jpg 1080w\" sizes=\"auto, (max-width: 500px) 100vw, 500px\" \/><\/a><\/p>\n","protected":false},"excerpt":{"rendered":"<p>A partir desta segunda-feira (2), pessoas com 28 anos ou mais j\u00e1 podem ser imunizadas. A prefeitura continua, ainda, com a aplica\u00e7\u00e3o da segunda dose da Astrazeneca. J\u00e1 completou 28 anos? Corre para o posto mais pr\u00f3ximo. Recebeu a primeira dose da Astrazeneca h\u00e1 90 dias? Confere a anota\u00e7\u00e3o no seu cart\u00e3o de vacina\u00e7\u00e3o. Se [&hellip;]<\/p>\n","protected":false},"author":2,"featured_media":96104,"comment_status":"open","ping_status":"open","sticky":false,"template":"","format":"standard","meta":{"footnotes":"","_links_to":"","_links_to_target":""},"categories":[1],"tags":[],"class_list":["post-96103","post","type-post","status-publish","format-standard","has-post-thumbnail","hentry","category-geral"],"views":1020,"_links":{"self":[{"href":"https:\/\/www.sudoestehoje.com.br\/novoportal\/wp-json\/wp\/v2\/posts\/96103","targetHints":{"allow":["GET"]}}],"collection":[{"href":"https:\/\/www.sudoestehoje.com.br\/novoportal\/wp-json\/wp\/v2\/posts"}],"about":[{"href":"https:\/\/www.sudoestehoje.com.br\/novoportal\/wp-json\/wp\/v2\/types\/post"}],"author":[{"embeddable":true,"href":"https:\/\/www.sudoestehoje.com.br\/novoportal\/wp-json\/wp\/v2\/users\/2"}],"replies":[{"embeddable":true,"href":"https:\/\/www.sudoestehoje.com.br\/novoportal\/wp-json\/wp\/v2\/comments?post=96103"}],"version-history":[{"count":2,"href":"https:\/\/www.sudoestehoje.com.br\/novoportal\/wp-json\/wp\/v2\/posts\/96103\/revisions"}],"predecessor-version":[{"id":96107,"href":"https:\/\/www.sudoestehoje.com.br\/novoportal\/wp-json\/wp\/v2\/posts\/96103\/revisions\/96107"}],"wp:featuredmedia":[{"embeddable":true,"href":"https:\/\/www.sudoestehoje.com.br\/novoportal\/wp-json\/wp\/v2\/media\/96104"}],"wp:attachment":[{"href":"https:\/\/www.sudoestehoje.com.br\/novoportal\/wp-json\/wp\/v2\/media?parent=96103"}],"wp:term":[{"taxonomy":"category","embeddable":true,"href":"https:\/\/www.sudoestehoje.com.br\/novoportal\/wp-json\/wp\/v2\/categories?post=96103"},{"taxonomy":"post_tag","embeddable":true,"href":"https:\/\/www.sudoestehoje.com.br\/novoportal\/wp-json\/wp\/v2\/tags?post=96103"}],"curies":[{"name":"wp","href":"https:\/\/api.w.org\/{rel}","templated":true}]}}