
{"id":96092,"date":"2021-07-30T23:22:33","date_gmt":"2021-07-31T02:22:33","guid":{"rendered":"https:\/\/www.sudoestehoje.com.br\/novoportal\/?p=96092"},"modified":"2021-07-30T23:36:13","modified_gmt":"2021-07-31T02:36:13","slug":"comercio-de-itapetinga-volta-movimentar-apos-semanas-de-retracao","status":"publish","type":"post","link":"https:\/\/www.sudoestehoje.com.br\/novoportal\/2021\/07\/30\/comercio-de-itapetinga-volta-movimentar-apos-semanas-de-retracao\/","title":{"rendered":"COM\u00c9RCIO DE ITAPETINGA VOLTA A MOVIMENTAR AP\u00d3S SEMANAS DE RETRA\u00c7\u00c3O"},"content":{"rendered":"<p><a href=\"https:\/\/www.sudoestehoje.com.br\/novoportal\/wp-content\/uploads\/2021\/07\/comercio-itapetinga-1.jpeg\"><img loading=\"lazy\" decoding=\"async\" class=\"aligncenter size-medium wp-image-96093\" src=\"https:\/\/www.sudoestehoje.com.br\/novoportal\/wp-content\/uploads\/2021\/07\/comercio-itapetinga-1-500x375.jpeg\" alt=\"\" width=\"500\" height=\"375\" srcset=\"https:\/\/www.sudoestehoje.com.br\/novoportal\/wp-content\/uploads\/2021\/07\/comercio-itapetinga-1-500x375.jpeg 500w, https:\/\/www.sudoestehoje.com.br\/novoportal\/wp-content\/uploads\/2021\/07\/comercio-itapetinga-1-700x525.jpeg 700w, https:\/\/www.sudoestehoje.com.br\/novoportal\/wp-content\/uploads\/2021\/07\/comercio-itapetinga-1-768x576.jpeg 768w, https:\/\/www.sudoestehoje.com.br\/novoportal\/wp-content\/uploads\/2021\/07\/comercio-itapetinga-1-1536x1152.jpeg 1536w, https:\/\/www.sudoestehoje.com.br\/novoportal\/wp-content\/uploads\/2021\/07\/comercio-itapetinga-1.jpeg 1600w\" sizes=\"auto, (max-width: 500px) 100vw, 500px\" \/><\/a><\/p>\n<p>Ap\u00f3s um per\u00edodo de retra\u00e7\u00e3o nas vendas, o com\u00e9rcio de Itapetinga registrou uma boa movimenta\u00e7\u00e3o nesta sexta-feira (30).<\/p>\n<p>De acordo com observadores e analistas econ\u00f4micos, as vendas sazonais sempre acontecem nas datas de pagamentos de benef\u00edcios sociais, aposentadorias e sal\u00e1rios nas empresas privadas e aos servidores p\u00fablicos. Passado esse per\u00edodo, as vendas voltam a cair.<\/p>\n<p><a href=\"https:\/\/www.sudoestehoje.com.br\/novoportal\/wp-content\/uploads\/2021\/07\/comercio-itapetinga-2.jpeg\"><img loading=\"lazy\" decoding=\"async\" class=\"aligncenter size-medium wp-image-96095\" src=\"https:\/\/www.sudoestehoje.com.br\/novoportal\/wp-content\/uploads\/2021\/07\/comercio-itapetinga-2-500x375.jpeg\" alt=\"\" width=\"500\" height=\"375\" srcset=\"https:\/\/www.sudoestehoje.com.br\/novoportal\/wp-content\/uploads\/2021\/07\/comercio-itapetinga-2-500x375.jpeg 500w, https:\/\/www.sudoestehoje.com.br\/novoportal\/wp-content\/uploads\/2021\/07\/comercio-itapetinga-2-700x525.jpeg 700w, https:\/\/www.sudoestehoje.com.br\/novoportal\/wp-content\/uploads\/2021\/07\/comercio-itapetinga-2-768x576.jpeg 768w, https:\/\/www.sudoestehoje.com.br\/novoportal\/wp-content\/uploads\/2021\/07\/comercio-itapetinga-2-1536x1152.jpeg 1536w, https:\/\/www.sudoestehoje.com.br\/novoportal\/wp-content\/uploads\/2021\/07\/comercio-itapetinga-2.jpeg 1600w\" sizes=\"auto, (max-width: 500px) 100vw, 500px\" \/><\/a><\/p>\n<p>Apesar da crise econ\u00f4mica agravada pela pandemia, Itapetinga tem apresentado avan\u00e7os na sua economia, com a chegada de novas empresas na \u00e1rea comercial, nos \u00faltimos 5 anos.<\/p>\n<p><em><strong>Por Davi Ferraz<\/strong><\/em><\/p>\n","protected":false},"excerpt":{"rendered":"<p>Ap\u00f3s um per\u00edodo de retra\u00e7\u00e3o nas vendas, o com\u00e9rcio de Itapetinga registrou uma boa movimenta\u00e7\u00e3o nesta sexta-feira (30). De acordo com observadores e analistas econ\u00f4micos, as vendas sazonais sempre acontecem nas datas de pagamentos de benef\u00edcios sociais, aposentadorias e sal\u00e1rios nas empresas privadas e aos servidores p\u00fablicos. Passado esse per\u00edodo, as vendas voltam a cair. [&hellip;]<\/p>\n","protected":false},"author":2,"featured_media":96093,"comment_status":"open","ping_status":"open","sticky":false,"template":"","format":"standard","meta":{"footnotes":"","_links_to":"","_links_to_target":""},"categories":[1],"tags":[],"class_list":["post-96092","post","type-post","status-publish","format-standard","has-post-thumbnail","hentry","category-geral"],"views":1241,"_links":{"self":[{"href":"https:\/\/www.sudoestehoje.com.br\/novoportal\/wp-json\/wp\/v2\/posts\/96092","targetHints":{"allow":["GET"]}}],"collection":[{"href":"https:\/\/www.sudoestehoje.com.br\/novoportal\/wp-json\/wp\/v2\/posts"}],"about":[{"href":"https:\/\/www.sudoestehoje.com.br\/novoportal\/wp-json\/wp\/v2\/types\/post"}],"author":[{"embeddable":true,"href":"https:\/\/www.sudoestehoje.com.br\/novoportal\/wp-json\/wp\/v2\/users\/2"}],"replies":[{"embeddable":true,"href":"https:\/\/www.sudoestehoje.com.br\/novoportal\/wp-json\/wp\/v2\/comments?post=96092"}],"version-history":[{"count":4,"href":"https:\/\/www.sudoestehoje.com.br\/novoportal\/wp-json\/wp\/v2\/posts\/96092\/revisions"}],"predecessor-version":[{"id":96098,"href":"https:\/\/www.sudoestehoje.com.br\/novoportal\/wp-json\/wp\/v2\/posts\/96092\/revisions\/96098"}],"wp:featuredmedia":[{"embeddable":true,"href":"https:\/\/www.sudoestehoje.com.br\/novoportal\/wp-json\/wp\/v2\/media\/96093"}],"wp:attachment":[{"href":"https:\/\/www.sudoestehoje.com.br\/novoportal\/wp-json\/wp\/v2\/media?parent=96092"}],"wp:term":[{"taxonomy":"category","embeddable":true,"href":"https:\/\/www.sudoestehoje.com.br\/novoportal\/wp-json\/wp\/v2\/categories?post=96092"},{"taxonomy":"post_tag","embeddable":true,"href":"https:\/\/www.sudoestehoje.com.br\/novoportal\/wp-json\/wp\/v2\/tags?post=96092"}],"curies":[{"name":"wp","href":"https:\/\/api.w.org\/{rel}","templated":true}]}}