
{"id":96087,"date":"2021-07-29T21:43:07","date_gmt":"2021-07-30T00:43:07","guid":{"rendered":"https:\/\/www.sudoestehoje.com.br\/novoportal\/?p=96087"},"modified":"2021-07-29T21:54:12","modified_gmt":"2021-07-30T00:54:12","slug":"deposito-de-loja-de-moveis-fica-destruido-apos-incendio-em-itambe","status":"publish","type":"post","link":"https:\/\/www.sudoestehoje.com.br\/novoportal\/2021\/07\/29\/deposito-de-loja-de-moveis-fica-destruido-apos-incendio-em-itambe\/","title":{"rendered":"DEP\u00d3SITO DE LOJA DE M\u00d3VEIS FICA DESTRU\u00cdDO AP\u00d3S INC\u00caNDIO EM ITAMB\u00c9"},"content":{"rendered":"<p><a href=\"https:\/\/www.sudoestehoje.com.br\/novoportal\/wp-content\/uploads\/2021\/07\/inc.-itambe-2.jpeg\"><img loading=\"lazy\" decoding=\"async\" class=\"aligncenter size-medium wp-image-96089\" src=\"https:\/\/www.sudoestehoje.com.br\/novoportal\/wp-content\/uploads\/2021\/07\/inc.-itambe-2-500x333.jpeg\" alt=\"\" width=\"500\" height=\"333\" srcset=\"https:\/\/www.sudoestehoje.com.br\/novoportal\/wp-content\/uploads\/2021\/07\/inc.-itambe-2-500x333.jpeg 500w, https:\/\/www.sudoestehoje.com.br\/novoportal\/wp-content\/uploads\/2021\/07\/inc.-itambe-2-700x467.jpeg 700w, https:\/\/www.sudoestehoje.com.br\/novoportal\/wp-content\/uploads\/2021\/07\/inc.-itambe-2-768x512.jpeg 768w, https:\/\/www.sudoestehoje.com.br\/novoportal\/wp-content\/uploads\/2021\/07\/inc.-itambe-2.jpeg 984w\" sizes=\"auto, (max-width: 500px) 100vw, 500px\" \/><\/a><\/p>\n<p>O dep\u00f3sito de uma loja de m\u00f3veis pegou fogo e parte do local ficou destru\u00eddo na tarde desta quinta-feira (29), na cidade de Itamb\u00e9, no sudoeste da Bahia. As chamas foram vistas a metros de dist\u00e2ncia do local. N\u00e3o h\u00e1 registro de feridos.<\/p>\n<div class=\"mc-column content-text active-extra-styles \" data-block-type=\"unstyled\" data-block-weight=\"31\" data-block-id=\"4\">\n<p class=\"content-text__container \" data-track-category=\"Link no Texto\" data-track-links=\"\">O fogo come\u00e7ou por volta das 14h30 e foi debelado no fim da tarde. N\u00e3o h\u00e1 detalhes sobre as causas do inc\u00eandio. Por causa das chamas, o teto do local desabou.<\/p>\n<p data-track-category=\"Link no Texto\" data-track-links=\"\"><a href=\"https:\/\/www.sudoestehoje.com.br\/novoportal\/wp-content\/uploads\/2021\/07\/inc.-itambe-1.jpeg\"><img loading=\"lazy\" decoding=\"async\" class=\"aligncenter size-medium wp-image-96088\" src=\"https:\/\/www.sudoestehoje.com.br\/novoportal\/wp-content\/uploads\/2021\/07\/inc.-itambe-1-500x282.jpeg\" alt=\"\" width=\"500\" height=\"282\" srcset=\"https:\/\/www.sudoestehoje.com.br\/novoportal\/wp-content\/uploads\/2021\/07\/inc.-itambe-1-500x282.jpeg 500w, https:\/\/www.sudoestehoje.com.br\/novoportal\/wp-content\/uploads\/2021\/07\/inc.-itambe-1-700x394.jpeg 700w, https:\/\/www.sudoestehoje.com.br\/novoportal\/wp-content\/uploads\/2021\/07\/inc.-itambe-1-768x432.jpeg 768w, https:\/\/www.sudoestehoje.com.br\/novoportal\/wp-content\/uploads\/2021\/07\/inc.-itambe-1.jpeg 984w\" sizes=\"auto, (max-width: 500px) 100vw, 500px\" \/><\/a><\/p>\n<\/div>\n<div class=\"mc-column content-text active-extra-styles \" data-block-type=\"unstyled\" data-block-weight=\"49\" data-block-id=\"5\">\n<p class=\"content-text__container \" data-track-category=\"Link no Texto\" data-track-links=\"\">Equipes do Corpo de Bombeiros foram acionadas para combater as chamas. Por\u00e9m, por causa do risco do fogo chegar at\u00e9 uma f\u00e1brica de produtos qu\u00edmicos, que fica nos fundos da loja, cerca de 10 moradores e funcion\u00e1rios do estabelecimento tentaram apagar o inc\u00eandio, com apoio de um caminh\u00e3o-pipa.<\/p>\n<p data-track-category=\"Link no Texto\" data-track-links=\"\">\n<\/div>\n","protected":false},"excerpt":{"rendered":"<p>O dep\u00f3sito de uma loja de m\u00f3veis pegou fogo e parte do local ficou destru\u00eddo na tarde desta quinta-feira (29), na cidade de Itamb\u00e9, no sudoeste da Bahia. As chamas foram vistas a metros de dist\u00e2ncia do local. N\u00e3o h\u00e1 registro de feridos. O fogo come\u00e7ou por volta das 14h30 e foi debelado no fim [&hellip;]<\/p>\n","protected":false},"author":2,"featured_media":96089,"comment_status":"open","ping_status":"open","sticky":false,"template":"","format":"standard","meta":{"footnotes":"","_links_to":"","_links_to_target":""},"categories":[1],"tags":[],"class_list":["post-96087","post","type-post","status-publish","format-standard","has-post-thumbnail","hentry","category-geral"],"views":1074,"_links":{"self":[{"href":"https:\/\/www.sudoestehoje.com.br\/novoportal\/wp-json\/wp\/v2\/posts\/96087","targetHints":{"allow":["GET"]}}],"collection":[{"href":"https:\/\/www.sudoestehoje.com.br\/novoportal\/wp-json\/wp\/v2\/posts"}],"about":[{"href":"https:\/\/www.sudoestehoje.com.br\/novoportal\/wp-json\/wp\/v2\/types\/post"}],"author":[{"embeddable":true,"href":"https:\/\/www.sudoestehoje.com.br\/novoportal\/wp-json\/wp\/v2\/users\/2"}],"replies":[{"embeddable":true,"href":"https:\/\/www.sudoestehoje.com.br\/novoportal\/wp-json\/wp\/v2\/comments?post=96087"}],"version-history":[{"count":2,"href":"https:\/\/www.sudoestehoje.com.br\/novoportal\/wp-json\/wp\/v2\/posts\/96087\/revisions"}],"predecessor-version":[{"id":96091,"href":"https:\/\/www.sudoestehoje.com.br\/novoportal\/wp-json\/wp\/v2\/posts\/96087\/revisions\/96091"}],"wp:featuredmedia":[{"embeddable":true,"href":"https:\/\/www.sudoestehoje.com.br\/novoportal\/wp-json\/wp\/v2\/media\/96089"}],"wp:attachment":[{"href":"https:\/\/www.sudoestehoje.com.br\/novoportal\/wp-json\/wp\/v2\/media?parent=96087"}],"wp:term":[{"taxonomy":"category","embeddable":true,"href":"https:\/\/www.sudoestehoje.com.br\/novoportal\/wp-json\/wp\/v2\/categories?post=96087"},{"taxonomy":"post_tag","embeddable":true,"href":"https:\/\/www.sudoestehoje.com.br\/novoportal\/wp-json\/wp\/v2\/tags?post=96087"}],"curies":[{"name":"wp","href":"https:\/\/api.w.org\/{rel}","templated":true}]}}