
{"id":96081,"date":"2021-07-29T18:12:48","date_gmt":"2021-07-29T21:12:48","guid":{"rendered":"https:\/\/www.sudoestehoje.com.br\/novoportal\/?p=96081"},"modified":"2021-07-29T18:12:48","modified_gmt":"2021-07-29T21:12:48","slug":"regiao-morre-ze-topete-ex-prefeito-do-municipio-de-maiquinique","status":"publish","type":"post","link":"https:\/\/www.sudoestehoje.com.br\/novoportal\/2021\/07\/29\/regiao-morre-ze-topete-ex-prefeito-do-municipio-de-maiquinique\/","title":{"rendered":"REGI\u00c3O: MORRE &#8216;Z\u00c9 TOPETE&#8217;, EX-PREFEITO DO MUNIC\u00cdPIO DE MAIQUINIQUE"},"content":{"rendered":"<p><a href=\"https:\/\/www.sudoestehoje.com.br\/novoportal\/wp-content\/uploads\/2021\/07\/ZE-TOPETE-EU-VOLTAREI-crop.jpg\"><img loading=\"lazy\" decoding=\"async\" class=\"aligncenter size-medium wp-image-96083\" src=\"https:\/\/www.sudoestehoje.com.br\/novoportal\/wp-content\/uploads\/2021\/07\/ZE-TOPETE-EU-VOLTAREI-crop-500x269.jpg\" alt=\"\" width=\"500\" height=\"269\" srcset=\"https:\/\/www.sudoestehoje.com.br\/novoportal\/wp-content\/uploads\/2021\/07\/ZE-TOPETE-EU-VOLTAREI-crop-500x269.jpg 500w, https:\/\/www.sudoestehoje.com.br\/novoportal\/wp-content\/uploads\/2021\/07\/ZE-TOPETE-EU-VOLTAREI-crop.jpg 665w\" sizes=\"auto, (max-width: 500px) 100vw, 500px\" \/><\/a><\/p>\n<p>Faleceu nesta quinta-feira (29), o ex-prefeito de Maiquinique Jos\u00e9 Francisco de Lacerda, conhecido popularmente por <strong>&#8220;Z\u00e9 Topete&#8221;<\/strong>, aos 68 anos de idade.<\/p>\n<p>Z\u00e9 Topete foi prefeito por dois mandatos e era figura conhecida em toda a regi\u00e3o. O vel\u00f3rio e sepultamento devem acontecer nesta sexta (30), no pr\u00f3prio munic\u00edpio onde morava.<\/p>\n<p>A causa da morte n\u00e3o foi divulgada.<\/p>\n<p><strong><em>Por Davi Ferraz<\/em><\/strong><\/p>\n","protected":false},"excerpt":{"rendered":"<p>Faleceu nesta quinta-feira (29), o ex-prefeito de Maiquinique Jos\u00e9 Francisco de Lacerda, conhecido popularmente por &#8220;Z\u00e9 Topete&#8221;, aos 68 anos de idade. Z\u00e9 Topete foi prefeito por dois mandatos e era figura conhecida em toda a regi\u00e3o. O vel\u00f3rio e sepultamento devem acontecer nesta sexta (30), no pr\u00f3prio munic\u00edpio onde morava. A causa da morte [&hellip;]<\/p>\n","protected":false},"author":2,"featured_media":96083,"comment_status":"open","ping_status":"open","sticky":false,"template":"","format":"standard","meta":{"footnotes":"","_links_to":"","_links_to_target":""},"categories":[1],"tags":[],"class_list":["post-96081","post","type-post","status-publish","format-standard","has-post-thumbnail","hentry","category-geral"],"views":1732,"_links":{"self":[{"href":"https:\/\/www.sudoestehoje.com.br\/novoportal\/wp-json\/wp\/v2\/posts\/96081","targetHints":{"allow":["GET"]}}],"collection":[{"href":"https:\/\/www.sudoestehoje.com.br\/novoportal\/wp-json\/wp\/v2\/posts"}],"about":[{"href":"https:\/\/www.sudoestehoje.com.br\/novoportal\/wp-json\/wp\/v2\/types\/post"}],"author":[{"embeddable":true,"href":"https:\/\/www.sudoestehoje.com.br\/novoportal\/wp-json\/wp\/v2\/users\/2"}],"replies":[{"embeddable":true,"href":"https:\/\/www.sudoestehoje.com.br\/novoportal\/wp-json\/wp\/v2\/comments?post=96081"}],"version-history":[{"count":3,"href":"https:\/\/www.sudoestehoje.com.br\/novoportal\/wp-json\/wp\/v2\/posts\/96081\/revisions"}],"predecessor-version":[{"id":96085,"href":"https:\/\/www.sudoestehoje.com.br\/novoportal\/wp-json\/wp\/v2\/posts\/96081\/revisions\/96085"}],"wp:featuredmedia":[{"embeddable":true,"href":"https:\/\/www.sudoestehoje.com.br\/novoportal\/wp-json\/wp\/v2\/media\/96083"}],"wp:attachment":[{"href":"https:\/\/www.sudoestehoje.com.br\/novoportal\/wp-json\/wp\/v2\/media?parent=96081"}],"wp:term":[{"taxonomy":"category","embeddable":true,"href":"https:\/\/www.sudoestehoje.com.br\/novoportal\/wp-json\/wp\/v2\/categories?post=96081"},{"taxonomy":"post_tag","embeddable":true,"href":"https:\/\/www.sudoestehoje.com.br\/novoportal\/wp-json\/wp\/v2\/tags?post=96081"}],"curies":[{"name":"wp","href":"https:\/\/api.w.org\/{rel}","templated":true}]}}