
{"id":96070,"date":"2021-07-29T17:14:41","date_gmt":"2021-07-29T20:14:41","guid":{"rendered":"https:\/\/www.sudoestehoje.com.br\/novoportal\/?p=96070"},"modified":"2021-07-29T17:42:49","modified_gmt":"2021-07-29T20:42:49","slug":"eleicoes-2022-lula-e-bolsonaro-aperecem-empatados-em-nova-pesquisa-datena-e-o-3o","status":"publish","type":"post","link":"https:\/\/www.sudoestehoje.com.br\/novoportal\/2021\/07\/29\/eleicoes-2022-lula-e-bolsonaro-aperecem-empatados-em-nova-pesquisa-datena-e-o-3o\/","title":{"rendered":"ELEI\u00c7\u00d5ES 2022: LULA E BOLSONARO APERECEM EMPATADOS EM NOVA PESQUISA; DATENA \u00c9 O 3\u00ba"},"content":{"rendered":"<p><a href=\"https:\/\/www.sudoestehoje.com.br\/novoportal\/wp-content\/uploads\/2021\/07\/DATENA.jpg\"><img loading=\"lazy\" decoding=\"async\" class=\"aligncenter wp-image-96072\" src=\"https:\/\/www.sudoestehoje.com.br\/novoportal\/wp-content\/uploads\/2021\/07\/DATENA.jpg\" alt=\"\" width=\"499\" height=\"368\" \/><\/a><\/p>\n<p>O ex-presidente Luiz In\u00e1cio Lula da Silva e o presidente Jair Bolsonaro aparecem tecnicamente empatados no levantamento mais recente de inten\u00e7\u00f5es de voto para as elei\u00e7\u00f5es de 2022. O empate se repete em tr\u00eas dos cen\u00e1rios pesquisados pelo <strong>Instituto Paran\u00e1 Pesquisas<\/strong>, com o petista em vantagem t\u00edmida.<\/p>\n<p>Na primeira situa\u00e7\u00e3o, <strong>Lula<\/strong> aparece ligeiramente a frente com <strong>33,7%<\/strong> e <strong>Bolsonaro<\/strong> fica em segundo com <strong>32,7%.<\/strong> O apresentador Datena foi a escolha de 7% e Ciro Gomes de 6,8%. J\u00e1 o tucano Jo\u00e3o Doria somou 3,9%; o ex-ministro da Sa\u00fade Luiz Henrique Mandette 1,8%; Simone Tebet foi a op\u00e7\u00e3o de 0,7% dos eleitores; e Rodrigo Pacheco de 0,6%. Aqueles eleitores que n\u00e3o responderam equivalem a 3,3% e os que sinalizaram que votariam branco ou nulo 9,4%.<\/p>\n<p>SEGUNDO TURNO<\/p>\n<p>O Instituto Paran\u00e1 tamb\u00e9m questionou os eleitores em cen\u00e1rios de segundo turno. Na disputa entre Lula e Bolsonaro o ex-presidente lidera com 43,3% enquanto o advers\u00e1rio soma 38,2%. Nessa situa\u00e7\u00e3o, 15% disse votar branco e 3,4% n\u00e3o soube responder.<\/p>\n","protected":false},"excerpt":{"rendered":"<p>O ex-presidente Luiz In\u00e1cio Lula da Silva e o presidente Jair Bolsonaro aparecem tecnicamente empatados no levantamento mais recente de inten\u00e7\u00f5es de voto para as elei\u00e7\u00f5es de 2022. O empate se repete em tr\u00eas dos cen\u00e1rios pesquisados pelo Instituto Paran\u00e1 Pesquisas, com o petista em vantagem t\u00edmida. Na primeira situa\u00e7\u00e3o, Lula aparece ligeiramente a frente [&hellip;]<\/p>\n","protected":false},"author":2,"featured_media":96072,"comment_status":"open","ping_status":"open","sticky":false,"template":"","format":"standard","meta":{"footnotes":"","_links_to":"","_links_to_target":""},"categories":[1],"tags":[],"class_list":["post-96070","post","type-post","status-publish","format-standard","has-post-thumbnail","hentry","category-geral"],"views":1353,"_links":{"self":[{"href":"https:\/\/www.sudoestehoje.com.br\/novoportal\/wp-json\/wp\/v2\/posts\/96070","targetHints":{"allow":["GET"]}}],"collection":[{"href":"https:\/\/www.sudoestehoje.com.br\/novoportal\/wp-json\/wp\/v2\/posts"}],"about":[{"href":"https:\/\/www.sudoestehoje.com.br\/novoportal\/wp-json\/wp\/v2\/types\/post"}],"author":[{"embeddable":true,"href":"https:\/\/www.sudoestehoje.com.br\/novoportal\/wp-json\/wp\/v2\/users\/2"}],"replies":[{"embeddable":true,"href":"https:\/\/www.sudoestehoje.com.br\/novoportal\/wp-json\/wp\/v2\/comments?post=96070"}],"version-history":[{"count":4,"href":"https:\/\/www.sudoestehoje.com.br\/novoportal\/wp-json\/wp\/v2\/posts\/96070\/revisions"}],"predecessor-version":[{"id":96080,"href":"https:\/\/www.sudoestehoje.com.br\/novoportal\/wp-json\/wp\/v2\/posts\/96070\/revisions\/96080"}],"wp:featuredmedia":[{"embeddable":true,"href":"https:\/\/www.sudoestehoje.com.br\/novoportal\/wp-json\/wp\/v2\/media\/96072"}],"wp:attachment":[{"href":"https:\/\/www.sudoestehoje.com.br\/novoportal\/wp-json\/wp\/v2\/media?parent=96070"}],"wp:term":[{"taxonomy":"category","embeddable":true,"href":"https:\/\/www.sudoestehoje.com.br\/novoportal\/wp-json\/wp\/v2\/categories?post=96070"},{"taxonomy":"post_tag","embeddable":true,"href":"https:\/\/www.sudoestehoje.com.br\/novoportal\/wp-json\/wp\/v2\/tags?post=96070"}],"curies":[{"name":"wp","href":"https:\/\/api.w.org\/{rel}","templated":true}]}}